{"id":158653,"date":"2026-03-18T08:33:53","date_gmt":"2026-03-18T11:33:53","guid":{"rendered":"https:\/\/vinasfm.com\/noticias\/?p=158653"},"modified":"2026-03-19T09:23:29","modified_gmt":"2026-03-19T12:23:29","slug":"el-programa-alvear-mas-comercio-fortalece-la-inversion-en-el-sector-comercial","status":"publish","type":"post","link":"https:\/\/vinasfm.com\/noticias\/el-programa-alvear-mas-comercio-fortalece-la-inversion-en-el-sector-comercial\/","title":{"rendered":"EL PROGRAMA \u201cALVEAR M\u00c1S COMERCIO\u201d FORTALECE LA INVERSI\u00d3N EN EL SECTOR COMERCIAL"},"content":{"rendered":"<h4><span style=\"color: #003300;\"><strong><span dir=\"auto\" style=\"vertical-align: inherit;\"><span dir=\"auto\" style=\"vertical-align: inherit;\">Este programa permiti\u00f3 impulsar mejoras en negocios locales, a trav\u00e9s de un esquema de reintegros y beneficios fiscales destinado a fortalecer la actividad comercial.<\/span><\/span><\/strong><\/span><\/h4>\n<p><span dir=\"auto\" style=\"vertical-align: inherit;\"><span dir=\"auto\" style=\"vertical-align: inherit;\">La iniciativa <strong>se desarroll\u00f3 desde marzo del a\u00f1o pasado y alcanz\u00f3 a m\u00e1s de 32 comercios de distintos rubros<\/strong>, que realizaron intervenciones tanto en sus fachadas como en el interior de los establecimientos. Las acciones incluyen renovaci\u00f3n de carteler\u00eda, vidrieras, adecuaci\u00f3n de espacios, incorporaci\u00f3n de tecnolog\u00eda y mejoras en las condiciones de atenci\u00f3n.<\/span><\/span><\/p>\n<p><span dir=\"auto\" style=\"vertical-align: inherit;\"><span dir=\"auto\" style=\"vertical-align: inherit;\">El <em>secretario de Desarrollo<\/em>, <span style=\"color: #003366;\"><strong>Hugo Molina<\/strong><\/span>, indic\u00f3: <em><strong>\u201cm\u00e1s de 32 comercios se adhirieron a este programa\u201d.<\/strong><\/em><\/span><\/span><\/p>\n<p><span dir=\"auto\" style=\"vertical-align: inherit;\"><span dir=\"auto\" style=\"vertical-align: inherit;\">El esquema contempl\u00f3 que <strong>los comerciantes ejecutaran las obras y luego accedieran al reintegro municipal, adem\u00e1s de la eximici\u00f3n de tasas correspondientes a los per\u00edodos 2025 y 2026.<\/strong> Como condici\u00f3n, se demostr\u00f3 la utilizaci\u00f3n de mano de obra local y la compra de insumos dentro del departamento, generando impacto tambi\u00e9n en otros sectores vinculados.<\/span><\/span><\/p>\n<p><span dir=\"auto\" style=\"vertical-align: inherit;\"><span dir=\"auto\" style=\"vertical-align: inherit;\">En t\u00e9rminos de inversi\u00f3n, Molina, destac\u00f3: <strong><em>\u201cm\u00e1s de 280 millones de pesos fueron los privados que invirtieron en estas compras y el municipio le retribuy\u00f3\u201d<\/em><\/strong>. En algunos casos, las inversiones superaron ese monto, reflejando el nivel de adhesi\u00f3n y el inter\u00e9s en mejorar la competitividad.<\/span><\/span><\/p>\n<p><span dir=\"auto\" style=\"vertical-align: inherit;\"><span dir=\"auto\" style=\"vertical-align: inherit;\">El secretario valor\u00f3 el impacto de la propuesta:<em><strong> \u201cestamos contentos de que lo hayan aceptado y tambi\u00e9n de lo que yo recuerdo es la primera vez que al comercio en s\u00ed se le da tambi\u00e9n una peque\u00f1a se\u00f1al de que se los acompa\u00f1a en tiempos por ah\u00ed dif\u00edciles\u201d.<\/strong><\/em><\/span><\/span><\/p>\n<p><span dir=\"auto\" style=\"vertical-align: inherit;\"><span dir=\"auto\" style=\"vertical-align: inherit;\">Se eval\u00faa la posibilidad de dar continuidad a esta herramienta o ampliarla a otros sectores, en funci\u00f3n de los recursos disponibles. <strong><em>\u201cVamos a analizar con el intendente, si esto podemos repetirlo o extenderlo a otro rubro que tambi\u00e9n necesita este tipo de impulso\u201d<\/em><\/strong>, finaliz\u00f3 Molina.<\/span><\/span><\/p>\n<p><span dir=\"auto\" style=\"vertical-align: inherit;\"><span dir=\"auto\" style=\"vertical-align: inherit;\">El programa alcanz\u00f3 una amplia variedad de rubros, desde comercios de cercan\u00eda hasta actividades industriales, consolidando una pol\u00edtica orientada al desarrollo econ\u00f3mico local y al fortalecimiento del entramado productivo.<\/span><\/span><\/p>\n","protected":false},"excerpt":{"rendered":"<p>Este programa permiti\u00f3 impulsar mejoras en negocios locales, a trav\u00e9s de un esquema de reintegros y beneficios fiscales destinado a fortalecer &#8230;<\/p>\n","protected":false},"author":7,"featured_media":158673,"comment_status":"open","ping_status":"open","sticky":false,"template":"","format":"standard","meta":{"footnotes":""},"categories":[5,69],"tags":[],"class_list":["post-158653","post","type-post","status-publish","format-standard","has-post-thumbnail","hentry","category-actualidad","category-comercio"],"_links":{"self":[{"href":"https:\/\/vinasfm.com\/noticias\/wp-json\/wp\/v2\/posts\/158653","targetHints":{"allow":["GET"]}}],"collection":[{"href":"https:\/\/vinasfm.com\/noticias\/wp-json\/wp\/v2\/posts"}],"about":[{"href":"https:\/\/vinasfm.com\/noticias\/wp-json\/wp\/v2\/types\/post"}],"author":[{"embeddable":true,"href":"https:\/\/vinasfm.com\/noticias\/wp-json\/wp\/v2\/users\/7"}],"replies":[{"embeddable":true,"href":"https:\/\/vinasfm.com\/noticias\/wp-json\/wp\/v2\/comments?post=158653"}],"version-history":[{"count":4,"href":"https:\/\/vinasfm.com\/noticias\/wp-json\/wp\/v2\/posts\/158653\/revisions"}],"predecessor-version":[{"id":158674,"href":"https:\/\/vinasfm.com\/noticias\/wp-json\/wp\/v2\/posts\/158653\/revisions\/158674"}],"wp:featuredmedia":[{"embeddable":true,"href":"https:\/\/vinasfm.com\/noticias\/wp-json\/wp\/v2\/media\/158673"}],"wp:attachment":[{"href":"https:\/\/vinasfm.com\/noticias\/wp-json\/wp\/v2\/media?parent=158653"}],"wp:term":[{"taxonomy":"category","embeddable":true,"href":"https:\/\/vinasfm.com\/noticias\/wp-json\/wp\/v2\/categories?post=158653"},{"taxonomy":"post_tag","embeddable":true,"href":"https:\/\/vinasfm.com\/noticias\/wp-json\/wp\/v2\/tags?post=158653"}],"curies":[{"name":"wp","href":"https:\/\/api.w.org\/{rel}","templated":true}]}}