{"id":158603,"date":"2026-03-17T08:51:02","date_gmt":"2026-03-17T11:51:02","guid":{"rendered":"https:\/\/vinasfm.com\/noticias\/?p=158603"},"modified":"2026-03-17T20:28:21","modified_gmt":"2026-03-17T23:28:21","slug":"general-alvear-la-policia-de-mendoza-realizo-la-segunda-intervencion-con-taser-7-fuera-de-las-foe","status":"publish","type":"post","link":"https:\/\/vinasfm.com\/noticias\/general-alvear-la-policia-de-mendoza-realizo-la-segunda-intervencion-con-taser-7-fuera-de-las-foe\/","title":{"rendered":"LA POLIC\u00cdA DE MENDOZA REALIZ\u00d3 LA SEGUNDA INTERVENCI\u00d3N CON TASER 7 FUERA DE LAS FOE"},"content":{"rendered":"<h4 class=\"wp-block-heading\"><span style=\"color: #003300;\"><strong>El procedimiento fue realizado por personal de Motorizada del departamento. El dispositivo se utiliz\u00f3 en modo disuasivo para reducir a un hombre que se resisti\u00f3 a la aprehensi\u00f3n y forma parte de los \u00faltimos equipos de baja letalidad incorporados por la provincia.<\/strong><\/span><\/h4>\n<p>La Polic\u00eda de Mendoza realiz\u00f3 en General Alvear una nueva intervenci\u00f3n preventiva con una pistola Taser 7, en un procedimiento en el que un hombre fue reducido tras resistirse a la aprehensi\u00f3n.<strong> Se trata de la segunda utilizaci\u00f3n de este dispositivo de baja letalidad por parte de un efectivo que no pertenece a las Fuerzas de Operaciones Especiales (FOE), luego de haber completado la capacitaci\u00f3n y certificaci\u00f3n correspondiente para su uso.<\/strong><\/p>\n<p>El hecho ocurri\u00f3 durante la noche del domingo, cuando ingres\u00f3 un llamado a la l\u00ednea de emergencias 911 en el que<strong> un hombre denunci\u00f3 que otro le hab\u00eda sustra\u00eddo una motocicleta Zanella 150cc que se encontraba en el patio de una vivienda de calle Constituci\u00f3n.<\/strong> En la comunicaci\u00f3n tambi\u00e9n indic\u00f3 que <strong>el rodado fue recuperado en la intersecci\u00f3n en calle La Marzolina y que el<\/strong> sospechoso, tras saltar un port\u00f3n, habr\u00eda ingresado al interior de una vivienda en inmediaciones.<\/p>\n<p>Hasta el lugar se desplaz\u00f3 personal de Motorizada, que entrevist\u00f3 tanto a la v\u00edctima como a la propietaria del domicilio se\u00f1alado. La mujer manifest\u00f3 que hab\u00eda escuchado ruidos en el patio de su casa y que al salir observ\u00f3 a un hombre, por lo que autoriz\u00f3 el ingreso del personal policial para verificar el interior de la propiedad.<\/p>\n<p>Durante el procedimiento, los efectivos escucharon ruidos provenientes del patio de una vivienda lindante. Al ingresar al lugar para constatar lo sucedido, observaron entre las malezas a un hombre agazapado<strong>. El individuo se resisti\u00f3 a la aprehensi\u00f3n y agredi\u00f3 a uno de los polic\u00edas, por lo que el efectivo hizo uso de la pistola Taser en modo disuasivo (tecnolog\u00eda con la que solo cuentan estos dispositivos recientemente adquiridos en la provincia), utilizando \u00fanicamente el sonido del dispositivo y sin efectuar el disparo de la sonda, y logr\u00f3 reducirlo.<\/strong><\/p>\n<p>Tras la intervenci\u00f3n, se dio aviso al ayudante fiscal en turno, quien dispuso el traslado del aprehendido. En el momento del control se constat\u00f3 que el hombre presentaba una medida pendiente por un pedido de captura.<\/p>\n<p><strong>Protocolo estricto para su uso<\/strong><\/p>\n<p>El instructivo de las pistolas Taser establece criterios claros de aplicaci\u00f3n, orientados a que el uso de esos dispositivos se ajuste a los principios de necesidad, razonabilidad y proporcionalidad, respetando los est\u00e1ndares en materia de derechos humanos y seguridad p\u00fablica.<\/p>\n<p>Se proh\u00edbe disparar hacia la cabeza, el cuello, el rostro, la entrepierna y el torso superior, y se recomienda apuntar hacia \u00e1reas de mayor masa muscular. Adem\u00e1s, solo se puede operar estos dispositivos personales con al menos dos a\u00f1os de antig\u00fcedad en la Polic\u00eda o tres a\u00f1os en el caso de civiles que trabajen como preventores o en seguridad privada. Y deben estar certificados y habilitados por la cartera de Seguridad.<\/p>\n<p>Cada intervenci\u00f3n debe ser documentada en detalle, consignando fecha, hora, lugar, circunstancias y resultados. Y en situaciones cr\u00edticas se debe elaborar un informe t\u00e9cnico dirigido al magistrado correspondiente. El protocolo establece responsabilidades administrativas para las entidades que adquieran los dispositivos y responsabilidades operativas directas para quienes los utilicen y sus superiores.<\/p>\n<p><strong>As\u00ed son las Taser 7<\/strong><\/p>\n<p>Las Taser 7 presentan mejoras tecnol\u00f3gicas que las diferencian notablemente de los dispositivos actuales. En contraposici\u00f3n con los 18 dispositivos Taser con los que cuenta la fuerza policial, que disparan un solo cartucho por vez y no permiten advertencias previas, estas nuevas pistolas pueden almacenar dos cartuchos simult\u00e1neamente \u2500uno de corto alcance y otro de largo alcance\u2500, lo que facilita procedimientos escalonados de advertencia y control.<\/p>\n<p>Adem\u00e1s cuentan con sistemas disuasivos sonoros y visuales para evitar la necesidad del uso de la descarga el\u00e9ctrica. En cuanto a sus especificaciones, emiten una corriente entre 1,2 y 1,5 miliamperios y una descarga efectiva de cinco segundos para la inmovilizaci\u00f3n neuromuscular. La tensi\u00f3n que finalmente entrega a la zona corporal es de solamente 1.000 a 2.000 voltios. La descarga inicial del cartucho puede alcanzar 50.000 voltios. La gran mayor\u00eda de esa energ\u00eda es utilizada para la activaci\u00f3n de la carga de nitr\u00f3geno inerte comprimido que expulsa las sondas.<\/p>\n<p><strong>Se extendi\u00f3 su uso a la Polic\u00eda de Mendoza<\/strong><\/p>\n<p>Con la publicaci\u00f3n del Decreto 2155 en el\u00a0<em>Bolet\u00edn Oficial<\/em>\u00a0a principios de junio del 2025, se aprob\u00f3 el protocolo oficial para el empleo de armas no letales y la capacitaci\u00f3n obligatoria incorporada al Plan Anual de Formaci\u00f3n de la fuerza. De este modo, el uso de dispositivos Taser, hasta entonces restringido a las FOE (el Grupo Especial de Seguridad o GES y el Grupo de Resoluci\u00f3n de Incidentes y Secuestros o GRIS), qued\u00f3 habilitado para todo el personal policial que complete la instrucci\u00f3n correspondiente.<\/p>\n<p>La iniciativa contempl\u00f3 la aprobaci\u00f3n de cuatro cursos espec\u00edficos: uno destinado a cuerpos especiales, como el GRIS y el GES; otro para la capacitaci\u00f3n de instructores, un tercero orientado a efectivos policiales en general y un cuarto dirigido a personal de otras unidades, como seguridad privada o cuerpos de seguridad ciudadana, que podr\u00e1n incorporarse con autorizaci\u00f3n del Ministerio de Seguridad y Justicia.<\/p>\n","protected":false},"excerpt":{"rendered":"<p>El procedimiento fue realizado por personal de Motorizada del departamento. El dispositivo se utiliz\u00f3 en modo disuasivo para reducir a un &#8230;<\/p>\n","protected":false},"author":7,"featured_media":158604,"comment_status":"open","ping_status":"open","sticky":false,"template":"","format":"standard","meta":{"footnotes":""},"categories":[5,4],"tags":[],"class_list":["post-158603","post","type-post","status-publish","format-standard","has-post-thumbnail","hentry","category-actualidad","category-policiales"],"_links":{"self":[{"href":"https:\/\/vinasfm.com\/noticias\/wp-json\/wp\/v2\/posts\/158603","targetHints":{"allow":["GET"]}}],"collection":[{"href":"https:\/\/vinasfm.com\/noticias\/wp-json\/wp\/v2\/posts"}],"about":[{"href":"https:\/\/vinasfm.com\/noticias\/wp-json\/wp\/v2\/types\/post"}],"author":[{"embeddable":true,"href":"https:\/\/vinasfm.com\/noticias\/wp-json\/wp\/v2\/users\/7"}],"replies":[{"embeddable":true,"href":"https:\/\/vinasfm.com\/noticias\/wp-json\/wp\/v2\/comments?post=158603"}],"version-history":[{"count":2,"href":"https:\/\/vinasfm.com\/noticias\/wp-json\/wp\/v2\/posts\/158603\/revisions"}],"predecessor-version":[{"id":158641,"href":"https:\/\/vinasfm.com\/noticias\/wp-json\/wp\/v2\/posts\/158603\/revisions\/158641"}],"wp:featuredmedia":[{"embeddable":true,"href":"https:\/\/vinasfm.com\/noticias\/wp-json\/wp\/v2\/media\/158604"}],"wp:attachment":[{"href":"https:\/\/vinasfm.com\/noticias\/wp-json\/wp\/v2\/media?parent=158603"}],"wp:term":[{"taxonomy":"category","embeddable":true,"href":"https:\/\/vinasfm.com\/noticias\/wp-json\/wp\/v2\/categories?post=158603"},{"taxonomy":"post_tag","embeddable":true,"href":"https:\/\/vinasfm.com\/noticias\/wp-json\/wp\/v2\/tags?post=158603"}],"curies":[{"name":"wp","href":"https:\/\/api.w.org\/{rel}","templated":true}]}}