{"id":158562,"date":"2026-03-16T08:48:04","date_gmt":"2026-03-16T11:48:04","guid":{"rendered":"https:\/\/vinasfm.com\/noticias\/?p=158562"},"modified":"2026-03-17T10:25:49","modified_gmt":"2026-03-17T13:25:49","slug":"una-avioneta-cayo-al-final-de-la-pista-en-el-aeroclub-de-general-alvear","status":"publish","type":"post","link":"https:\/\/vinasfm.com\/noticias\/una-avioneta-cayo-al-final-de-la-pista-en-el-aeroclub-de-general-alvear\/","title":{"rendered":"UNA AVIONETA CAY\u00d3 AL FINAL DE LA PISTA EN EL AEROCLUB DE GENERAL ALVEAR"},"content":{"rendered":"<h4><span style=\"color: #003300;\"><strong>Un incidente a\u00e9reo ocurri\u00f3 este domingo en el Aeroclub de General Alvear, cuando una avioneta no logr\u00f3 completar las maniobras de despegue y termin\u00f3 cayendo al final de la pista, seg\u00fan informaron desde el Ministerio de Seguridad.<\/strong><\/span><\/h4>\n<p>De acuerdo con los primeros datos, el piloto manifest\u00f3 que, al intentar elevar la aeronave,<strong> perdi\u00f3 el control debido a las fuertes r\u00e1fagas de viento. Esta situaci\u00f3n provoc\u00f3 que la nave descendiera abruptamente y terminara impactando sobre el sector final de la pista.<\/strong><\/p>\n<p>A pesar del incidente, el piloto oriundo de Mendoza no sufri\u00f3 lesiones, por lo que no fue necesario su traslado a un centro asistencial.<\/p>\n<p>Tras el hecho, <strong>se desplaz\u00f3 al lugar personal de bomberos para realizar las tareas preventivas y verificar el estado de la aeronave, adem\u00e1s de asegurar el \u00e1rea donde ocurri\u00f3 el episodio.<\/strong><\/p>\n<p>Desde las autoridades indicaron que la investigaci\u00f3n sobre lo ocurrido quedar\u00e1 a cargo de la Comisi\u00f3n de Accidentes de Aviaci\u00f3n, organismo que elaborar\u00e1 los informes t\u00e9cnicos correspondientes para determinar las causas del incidente. En tanto, la Polic\u00eda interviniente se limitar\u00e1 a confeccionar el acta de procedimiento de rigor.<\/p>\n<p><strong>El episodio gener\u00f3 preocupaci\u00f3n moment\u00e1nea en el aeroclub, aunque no se registraron mayores da\u00f1os ni personas afectadas.<\/strong> Las actuaciones continuar\u00e1n en el \u00e1mbito administrativo y t\u00e9cnico para establecer con precisi\u00f3n qu\u00e9 factores provocaron la p\u00e9rdida de control durante el intento de despegue.<\/p>\n","protected":false},"excerpt":{"rendered":"<p>Un incidente a\u00e9reo ocurri\u00f3 este domingo en el Aeroclub de General Alvear, cuando una avioneta no logr\u00f3 completar las maniobras de &#8230;<\/p>\n","protected":false},"author":7,"featured_media":158563,"comment_status":"open","ping_status":"open","sticky":false,"template":"","format":"standard","meta":{"footnotes":""},"categories":[5,4],"tags":[],"class_list":["post-158562","post","type-post","status-publish","format-standard","has-post-thumbnail","hentry","category-actualidad","category-policiales"],"_links":{"self":[{"href":"https:\/\/vinasfm.com\/noticias\/wp-json\/wp\/v2\/posts\/158562","targetHints":{"allow":["GET"]}}],"collection":[{"href":"https:\/\/vinasfm.com\/noticias\/wp-json\/wp\/v2\/posts"}],"about":[{"href":"https:\/\/vinasfm.com\/noticias\/wp-json\/wp\/v2\/types\/post"}],"author":[{"embeddable":true,"href":"https:\/\/vinasfm.com\/noticias\/wp-json\/wp\/v2\/users\/7"}],"replies":[{"embeddable":true,"href":"https:\/\/vinasfm.com\/noticias\/wp-json\/wp\/v2\/comments?post=158562"}],"version-history":[{"count":3,"href":"https:\/\/vinasfm.com\/noticias\/wp-json\/wp\/v2\/posts\/158562\/revisions"}],"predecessor-version":[{"id":158646,"href":"https:\/\/vinasfm.com\/noticias\/wp-json\/wp\/v2\/posts\/158562\/revisions\/158646"}],"wp:featuredmedia":[{"embeddable":true,"href":"https:\/\/vinasfm.com\/noticias\/wp-json\/wp\/v2\/media\/158563"}],"wp:attachment":[{"href":"https:\/\/vinasfm.com\/noticias\/wp-json\/wp\/v2\/media?parent=158562"}],"wp:term":[{"taxonomy":"category","embeddable":true,"href":"https:\/\/vinasfm.com\/noticias\/wp-json\/wp\/v2\/categories?post=158562"},{"taxonomy":"post_tag","embeddable":true,"href":"https:\/\/vinasfm.com\/noticias\/wp-json\/wp\/v2\/tags?post=158562"}],"curies":[{"name":"wp","href":"https:\/\/api.w.org\/{rel}","templated":true}]}}