{"id":158503,"date":"2026-03-13T10:49:19","date_gmt":"2026-03-13T13:49:19","guid":{"rendered":"https:\/\/vinasfm.com\/noticias\/?p=158503"},"modified":"2026-03-13T11:10:29","modified_gmt":"2026-03-13T14:10:29","slug":"convocan-a-familias-que-deseen-brindar-contencion-y-acompanamiento-a-una-adolescente","status":"publish","type":"post","link":"https:\/\/vinasfm.com\/noticias\/convocan-a-familias-que-deseen-brindar-contencion-y-acompanamiento-a-una-adolescente\/","title":{"rendered":"CONVOCAN A FAMILIAS QUE DESEEN BRINDAR CONTENCI\u00d3N Y ACOMPA\u00d1AMIENTO A UNA ADOLESCENTE"},"content":{"rendered":"<h4><span style=\"color: #003300;\"><strong>Por disposici\u00f3n del 3\u00b0 Juzgado de Familia, se lanz\u00f3 una convocatoria destinada a aquellas personas o familias interesadas en vincularse con una adolescente identificada con la inicial \u201cS\u201d, con el objetivo de ofrecerle un entorno de contenci\u00f3n y acompa\u00f1amiento en su camino hacia la vida adulta.<\/strong><\/span><\/h4>\n<p><span style=\"color: #003366;\"><strong>\u201cS\u201d<\/strong><\/span> es una joven <strong>extrovertida, conversadora y con gran autonom\u00eda<\/strong>, a quien le resulta sencillo establecer v\u00ednculos tanto con otros ni\u00f1os y adolescentes como con adultos. Actualmente cursa el <strong>segundo a\u00f1o del nivel secundario en el turno tarde<\/strong> en una escuela de su zona, espacio al que manifiesta disfrutar asistir ya que cuenta con un grupo de amigos con quienes comparte su vida cotidiana.<\/p>\n<p>Entre sus intereses<strong> se destaca el deporte, actividad que valora especialmente, aunque por el momento no puede practicar debido a su horario escolar<\/strong>. En cuanto a su salud, presenta <strong>buen estado general<\/strong>, asistiendo \u00fanicamente a tratamiento psicol\u00f3gico orientado a acompa\u00f1ar procesos vinculados a su historia familiar.<\/p>\n<p>La adolescente mantiene lazos afectivos con su familia de origen y expresa su deseo de <strong>continuar el contacto espor\u00e1dico con sus tres hermanos<\/strong>. Asimismo, manifiesta inter\u00e9s en integrarse a un grupo familiar que pueda acompa\u00f1arla, brindarle herramientas para progresar y transitar de manera positiva esta etapa de crecimiento.<\/p>\n<p>\u201cS\u201d no presenta inconvenientes en trasladarse a otra ciudad, ya que disfruta conocer nuevos lugares y experiencias.<\/p>\n<p>Las personas que deseen asumir el compromiso de convertirse en su familia pueden comunicarse con el <strong>Registro Provincial de Adopci\u00f3n<\/strong> de Mendoza enviando un correo electr\u00f3nico a <strong><a href=\"mailto:rpamendoza@jus.mendoza.gov.ar\">rpamendoza@jus.mendoza.gov.ar<\/a><\/strong> o bien a trav\u00e9s de WhatsApp al <strong>261 6799541<\/strong>.<\/p>\n<p>Desde el organismo destacaron la importancia de la <strong>solidaridad y el compromiso social<\/strong> para garantizar oportunidades y acompa\u00f1amiento a ni\u00f1as, ni\u00f1os y adolescentes que lo necesitan.<\/p>\n","protected":false},"excerpt":{"rendered":"<p>Por disposici\u00f3n del 3\u00b0 Juzgado de Familia, se lanz\u00f3 una convocatoria destinada a aquellas personas o familias interesadas en vincularse con &#8230;<\/p>\n","protected":false},"author":7,"featured_media":158096,"comment_status":"open","ping_status":"open","sticky":false,"template":"","format":"standard","meta":{"footnotes":""},"categories":[1],"tags":[],"class_list":["post-158503","post","type-post","status-publish","format-standard","has-post-thumbnail","hentry","category-fmvinas"],"_links":{"self":[{"href":"https:\/\/vinasfm.com\/noticias\/wp-json\/wp\/v2\/posts\/158503","targetHints":{"allow":["GET"]}}],"collection":[{"href":"https:\/\/vinasfm.com\/noticias\/wp-json\/wp\/v2\/posts"}],"about":[{"href":"https:\/\/vinasfm.com\/noticias\/wp-json\/wp\/v2\/types\/post"}],"author":[{"embeddable":true,"href":"https:\/\/vinasfm.com\/noticias\/wp-json\/wp\/v2\/users\/7"}],"replies":[{"embeddable":true,"href":"https:\/\/vinasfm.com\/noticias\/wp-json\/wp\/v2\/comments?post=158503"}],"version-history":[{"count":3,"href":"https:\/\/vinasfm.com\/noticias\/wp-json\/wp\/v2\/posts\/158503\/revisions"}],"predecessor-version":[{"id":158506,"href":"https:\/\/vinasfm.com\/noticias\/wp-json\/wp\/v2\/posts\/158503\/revisions\/158506"}],"wp:featuredmedia":[{"embeddable":true,"href":"https:\/\/vinasfm.com\/noticias\/wp-json\/wp\/v2\/media\/158096"}],"wp:attachment":[{"href":"https:\/\/vinasfm.com\/noticias\/wp-json\/wp\/v2\/media?parent=158503"}],"wp:term":[{"taxonomy":"category","embeddable":true,"href":"https:\/\/vinasfm.com\/noticias\/wp-json\/wp\/v2\/categories?post=158503"},{"taxonomy":"post_tag","embeddable":true,"href":"https:\/\/vinasfm.com\/noticias\/wp-json\/wp\/v2\/tags?post=158503"}],"curies":[{"name":"wp","href":"https:\/\/api.w.org\/{rel}","templated":true}]}}