{"id":158500,"date":"2026-03-13T10:22:04","date_gmt":"2026-03-13T13:22:04","guid":{"rendered":"https:\/\/vinasfm.com\/noticias\/?p=158500"},"modified":"2026-03-14T14:39:12","modified_gmt":"2026-03-14T17:39:12","slug":"dge-en-alerta-en-mendoza-mas-del-50-de-los-alumnos-del-secundario-debe-dos-o-mas-materias","status":"publish","type":"post","link":"https:\/\/vinasfm.com\/noticias\/dge-en-alerta-en-mendoza-mas-del-50-de-los-alumnos-del-secundario-debe-dos-o-mas-materias\/","title":{"rendered":"DGE, EN ALERTA: EN MENDOZA, M\u00c1S DEL 50% DE LOS ALUMNOS DEL SECUNDARIO DEBE DOS O M\u00c1S MATERIAS"},"content":{"rendered":"<h4><span style=\"color: #003300;\"><strong>Los datos, proporcionados por la Direcci\u00f3n General de Escuelas, son preocupantes y las autoridades buscan revertir el n\u00famero con la Recuperaci\u00f3n de Saberes.<\/strong><\/span><\/h4>\n<article class=\"article-body article-body--first-paragraph\">\n<p data-path-to-node=\"4\">La<strong>\u00a0Direcci\u00f3n General de Escuelas\u00a0<\/strong>(DGE) encendi\u00f3 la alarma al se\u00f1alar que\u00a0<strong>m\u00e1s del 50% de los alumnos de Educaci\u00f3n Secundaria adeuda dos o m\u00e1s materias<\/strong>, una cifra que preocupa a las autoridades de la\u00a0<strong>provincia de Mendoza\u00a0<\/strong>aunque conf\u00edan que se podr\u00eda revertir durante la instancia de Recuperaci\u00f3n de Saberes.<\/p>\n<\/article>\n<article class=\"article-body article-body--second-paragraph\">\n<p data-path-to-node=\"4\">De acuerdo con la informaci\u00f3n oficial,\u00a0<strong>los espacios curriculares que m\u00e1s dificultades presentaron para los alumnos fueron: Lengua, Matem\u00e1tica e Ingl\u00e9s.<\/strong><\/p>\n<article class=\"article-body article-body--second-paragraph\">\n<h2>DGE, en alerta: fechas clave para la recuperaci\u00f3n<\/h2>\n<p data-path-to-node=\"6\">El proceso de\u00a0<strong>Recuperaci\u00f3n de Saberes<\/strong>\u00a0arranc\u00f3\u00a0<strong>el 2 de noviembre y se extender\u00e1 hasta el 28 de este mes<\/strong>\u00a0en todos los establecimientos educativos, tanto del sector p\u00fablico como privado. Esta instancia est\u00e1 destinada a varios grupos de estudiantes:<\/p>\n<\/article>\n<article class=\"article-body article-body--second-paragraph\">\n<ul data-path-to-node=\"7\">\n<li>\n<p data-path-to-node=\"7,0,0\">Alumnos con espacios curriculares pendientes de aprobaci\u00f3n.<\/p>\n<\/li>\n<li>\n<p data-path-to-node=\"7,1,0\">Quienes rinden en condici\u00f3n de libres.<\/p>\n<\/li>\n<li>\n<p data-path-to-node=\"7,2,0\">Estudiantes que adeudan por equivalencias.<\/p>\n<\/li>\n<li>\n<p data-path-to-node=\"7,3,0\">Egresados que a\u00fan tienen contenidos pendientes de aprobaci\u00f3n.<\/p>\n<\/li>\n<\/ul>\n<p data-path-to-node=\"15\">Los alumnos que, a pesar de la Recuperaci\u00f3n de Saberes de noviembre, no logren aprobar los aprendizajes prioritarios, contar\u00e1n con\u00a0<strong>dos instancias m\u00e1s<\/strong>\u00a0antes del inicio del Ciclo Lectivo 2026, previsto para mediados de febrero:<\/p>\n<\/article>\n<article class=\"article-body article-body--third-paragraph\">\n<ul data-path-to-node=\"16\">\n<li>\n<p data-path-to-node=\"16,0,0\"><strong>Una instancia en diciembre.<\/strong><\/p>\n<\/li>\n<li>\n<p data-path-to-node=\"16,1,0\"><strong>Una instancia en febrero.<\/strong><\/p>\n<\/li>\n<\/ul>\n<h2>Promoci\u00f3n y repitencia<\/h2>\n<p data-path-to-node=\"4\">En agosto de este a\u00f1o, la\u00a0<strong>Direcci\u00f3n General de Escuelas (DGE)<\/strong>\u00a0comunic\u00f3 una medida que impacta directamente en la promoci\u00f3n de los estudiantes del nivel Secundaria: se elimina<strong>\u00a0la instancia de Recuperaci\u00f3n de materias previas que se realizaba tradicionalmente en marzo<\/strong>.<\/p>\n<p data-path-to-node=\"5\">Con esta resoluci\u00f3n, tambi\u00e9n se anula la posibilidad de que los alumnos avancen de forma condicional al a\u00f1o superior adeudando entre 3 y 5 espacios curriculares hasta el mes de marzo.<\/p>\n<p data-path-to-node=\"5\">De este modo, para promover del a\u00f1o lectivo 2025 al 2026 solo podr\u00e1n tener los estudiantes 2 (dos) espacios curriculares pendientes de aprobaci\u00f3n.<\/p>\n<h2>Cu\u00e1ndo terminan las clases en Mendoza<\/h2>\n<p data-path-to-node=\"9\">La\u00a0<a href=\"https:\/\/www.sitioandino.com.ar\/sociedad\/fin-clases-mendoza-esta-es-la-fecha-los-alumnos-que-no-adeudan-materias-n5711285\" target=\"_blank\" rel=\"follow noopener\">finalizaci\u00f3n del ciclo lectivo<\/a>\u00a0var\u00eda seg\u00fan la situaci\u00f3n acad\u00e9mica del estudiante:<\/p>\n<ul data-path-to-node=\"10\">\n<li>\n<p data-path-to-node=\"10,0,0\"><strong>A partir del 5 de diciembre:<\/strong>\u00a0comienzan las vacaciones para aquellos estudiantes que logren aprobar\u00a0<strong>todos<\/strong>\u00a0los aprendizajes prioritarios de cada espacio curricular.<\/p>\n<\/li>\n<li>\n<p data-path-to-node=\"10,1,0\"><strong>19 de diciembre:<\/strong>\u00a0es la fecha de finalizaci\u00f3n de clases para el resto de los estudiantes, as\u00ed como para el equipo de gesti\u00f3n y docente.<\/p>\n<\/li>\n<\/ul>\n<\/article>\n<\/article>\n","protected":false},"excerpt":{"rendered":"<p>Los datos, proporcionados por la Direcci\u00f3n General de Escuelas, son preocupantes y las autoridades buscan revertir el n\u00famero con la Recuperaci\u00f3n &#8230;<\/p>\n","protected":false},"author":7,"featured_media":158501,"comment_status":"open","ping_status":"open","sticky":false,"template":"","format":"standard","meta":{"footnotes":""},"categories":[5,10],"tags":[],"class_list":["post-158500","post","type-post","status-publish","format-standard","has-post-thumbnail","hentry","category-actualidad","category-destacadas"],"_links":{"self":[{"href":"https:\/\/vinasfm.com\/noticias\/wp-json\/wp\/v2\/posts\/158500","targetHints":{"allow":["GET"]}}],"collection":[{"href":"https:\/\/vinasfm.com\/noticias\/wp-json\/wp\/v2\/posts"}],"about":[{"href":"https:\/\/vinasfm.com\/noticias\/wp-json\/wp\/v2\/types\/post"}],"author":[{"embeddable":true,"href":"https:\/\/vinasfm.com\/noticias\/wp-json\/wp\/v2\/users\/7"}],"replies":[{"embeddable":true,"href":"https:\/\/vinasfm.com\/noticias\/wp-json\/wp\/v2\/comments?post=158500"}],"version-history":[{"count":1,"href":"https:\/\/vinasfm.com\/noticias\/wp-json\/wp\/v2\/posts\/158500\/revisions"}],"predecessor-version":[{"id":158502,"href":"https:\/\/vinasfm.com\/noticias\/wp-json\/wp\/v2\/posts\/158500\/revisions\/158502"}],"wp:featuredmedia":[{"embeddable":true,"href":"https:\/\/vinasfm.com\/noticias\/wp-json\/wp\/v2\/media\/158501"}],"wp:attachment":[{"href":"https:\/\/vinasfm.com\/noticias\/wp-json\/wp\/v2\/media?parent=158500"}],"wp:term":[{"taxonomy":"category","embeddable":true,"href":"https:\/\/vinasfm.com\/noticias\/wp-json\/wp\/v2\/categories?post=158500"},{"taxonomy":"post_tag","embeddable":true,"href":"https:\/\/vinasfm.com\/noticias\/wp-json\/wp\/v2\/tags?post=158500"}],"curies":[{"name":"wp","href":"https:\/\/api.w.org\/{rel}","templated":true}]}}