{"id":158491,"date":"2026-03-13T09:55:48","date_gmt":"2026-03-13T12:55:48","guid":{"rendered":"https:\/\/vinasfm.com\/noticias\/?p=158491"},"modified":"2026-03-13T09:55:48","modified_gmt":"2026-03-13T12:55:48","slug":"la-inflacion-en-mendoza-fue-de-25-ligeramente-mas-baja-que-la-nacional","status":"publish","type":"post","link":"https:\/\/vinasfm.com\/noticias\/la-inflacion-en-mendoza-fue-de-25-ligeramente-mas-baja-que-la-nacional\/","title":{"rendered":"LA INFLACI\u00d3N EN MENDOZA FUE DE 2,5%, LIGERAMENTE M\u00c1S BAJA QUE LA NACIONAL"},"content":{"rendered":"<h4><span style=\"color: #003300;\"><strong>La Direcci\u00f3n de Estad\u00edsticas e Investigaciones Econ\u00f3micas (DEIE) dio a conocer los datos de inflaci\u00f3n de febrero. Fuerte aumento en la categor\u00eda de \u201cvivienda y servicios b\u00e1sicos\u201d.<\/strong><\/span><\/h4>\n<p>La\u00a0<strong>inflaci\u00f3n\u00a0<\/strong>en\u00a0<strong>Mendoza\u00a0<\/strong>fue de un\u00a0<strong>2,5% en\u00a0febrero<\/strong>, una\u00a0cifra un tanto menor a lo medido a nivel pa\u00eds por el\u00a0<strong>Instituto Nacional de Estad\u00edsticas y Censos<\/strong>\u00a0(Indec), que\u00a0registr\u00f3 un 2,9% de variaci\u00f3n.<\/p>\n<p>Seg\u00fan los datos elaborados por la<strong>\u00a0Direcci\u00f3n de Estad\u00edsticas e Investigaciones Econ\u00f3micas (DEIE)<\/strong>, la<strong>\u00a0diferencia interanual de precios al d\u00eda de la fecha es de un 32,4%<\/strong>. La acumulaci\u00f3n en el 2026 es de\u00a0<strong>5,5%.<\/strong><\/p>\n<p><img decoding=\"async\" class=\"aligncenter\" src=\"https:\/\/i0.wp.com\/www.elsol.com.ar\/wp-content\/uploads\/2026\/03\/d.png?resize=459%2C1024&amp;quality=80&amp;ssl=1\" \/><\/p>\n<p>De acuerdo con el informe publicado este martes, en enero, el rubro que m\u00e1s subi\u00f3 en\u00a0<strong>Mendoza\u00a0<\/strong>fue\u00a0<em>\u201c<strong>Vivienda y servicios b\u00e1sicos<\/strong>\u201d\u00a0<\/em>, con 7,8%, seguido de\u00a0<em><strong>\u201cAlimentos y Bebidas\u201d<\/strong><\/em>, con 3,7%. Luego,\u00a0<em><strong>\u201cAtenci\u00f3n m\u00e9dica y gastos para la salud\u201d<\/strong><\/em><strong><em>, 2,3%<\/em><\/strong>;\u00a0<strong><em>\u201c<\/em><\/strong><em><strong>Equipamiento y mantenimiento del hogar\u201d<\/strong><\/em>,\u00a0<strong>1,8%<\/strong>; y<strong><em>\u00a0\u201cEducaci\u00f3n\u201d<\/em><\/strong>, 1,6%.<\/p>\n<p><em><strong>\u201cOtros bienes y servicios\u201d<\/strong><\/em>\u00a0tuvo un incremento de 1,4%, mientras que\u00a0\u00a0<em><strong>\u201cTransporte y Comunicaciones\u201d<\/strong><\/em>\u00a0 1,2%. En tanto que en\u00a0<strong><em>\u201cEsparcimiento\u201d\u00a0<\/em><\/strong>\u00a0tuvo deflaci\u00f3n de -0,7, al igual que\u00a0<strong><em>\u201cIndumentaria<\/em><\/strong>\u201d con -1%.<\/p>\n","protected":false},"excerpt":{"rendered":"<p>La Direcci\u00f3n de Estad\u00edsticas e Investigaciones Econ\u00f3micas (DEIE) dio a conocer los datos de inflaci\u00f3n de febrero. Fuerte aumento en la &#8230;<\/p>\n","protected":false},"author":7,"featured_media":158492,"comment_status":"open","ping_status":"open","sticky":false,"template":"","format":"standard","meta":{"footnotes":""},"categories":[1],"tags":[],"class_list":["post-158491","post","type-post","status-publish","format-standard","has-post-thumbnail","hentry","category-fmvinas"],"_links":{"self":[{"href":"https:\/\/vinasfm.com\/noticias\/wp-json\/wp\/v2\/posts\/158491","targetHints":{"allow":["GET"]}}],"collection":[{"href":"https:\/\/vinasfm.com\/noticias\/wp-json\/wp\/v2\/posts"}],"about":[{"href":"https:\/\/vinasfm.com\/noticias\/wp-json\/wp\/v2\/types\/post"}],"author":[{"embeddable":true,"href":"https:\/\/vinasfm.com\/noticias\/wp-json\/wp\/v2\/users\/7"}],"replies":[{"embeddable":true,"href":"https:\/\/vinasfm.com\/noticias\/wp-json\/wp\/v2\/comments?post=158491"}],"version-history":[{"count":1,"href":"https:\/\/vinasfm.com\/noticias\/wp-json\/wp\/v2\/posts\/158491\/revisions"}],"predecessor-version":[{"id":158493,"href":"https:\/\/vinasfm.com\/noticias\/wp-json\/wp\/v2\/posts\/158491\/revisions\/158493"}],"wp:featuredmedia":[{"embeddable":true,"href":"https:\/\/vinasfm.com\/noticias\/wp-json\/wp\/v2\/media\/158492"}],"wp:attachment":[{"href":"https:\/\/vinasfm.com\/noticias\/wp-json\/wp\/v2\/media?parent=158491"}],"wp:term":[{"taxonomy":"category","embeddable":true,"href":"https:\/\/vinasfm.com\/noticias\/wp-json\/wp\/v2\/categories?post=158491"},{"taxonomy":"post_tag","embeddable":true,"href":"https:\/\/vinasfm.com\/noticias\/wp-json\/wp\/v2\/tags?post=158491"}],"curies":[{"name":"wp","href":"https:\/\/api.w.org\/{rel}","templated":true}]}}