{"id":158444,"date":"2026-03-12T09:54:18","date_gmt":"2026-03-12T12:54:18","guid":{"rendered":"https:\/\/vinasfm.com\/noticias\/?p=158444"},"modified":"2026-03-13T09:43:39","modified_gmt":"2026-03-13T12:43:39","slug":"robaron-una-moto-del-patio-de-una-vivienda-en-general-alvear","status":"publish","type":"post","link":"https:\/\/vinasfm.com\/noticias\/robaron-una-moto-del-patio-de-una-vivienda-en-general-alvear\/","title":{"rendered":"ROBARON UNA MOTO DEL PATIO DE UNA VIVIENDA EN GENERAL ALVEAR"},"content":{"rendered":"<h4><span style=\"color: #003300;\"><strong>Un nuevo hecho de inseguridad se registr\u00f3 este mi\u00e9rcoles en General Alvear, cuando delincuentes sustrajeron una motocicleta del patio delantero de una vivienda.<\/strong><\/span><\/h4>\n<p>El episodio ocurri\u00f3 alrededor de las 18:00 en una casa ubicada sobre <strong>Diagonal Carlos Pellegrini<\/strong>. La v\u00edctima, identificada como A. T., de 60 a\u00f1os, <strong>se encontraba en el interior de su domicilio cuando escuch\u00f3 ruidos provenientes del patio delantero.<\/strong><\/p>\n<p>Al salir a verificar lo que ocurr\u00eda, el hombre constat\u00f3 que <strong>autores desconocidos hab\u00edan sustra\u00eddo una motocicleta Mondial LD 110, que hab\u00eda dejado estacionada en el lugar.<\/strong><\/p>\n<p>Tras advertir el robo, la v\u00edctima dio aviso a las autoridades, quienes iniciaron las actuaciones correspondientes para tratar de dar con los responsables y recuperar el rodado.<strong> La causa qued\u00f3 en manos de la polic\u00eda y se encuentra en etapa de investigaci\u00f3n.\u00a0<\/strong><\/p>\n","protected":false},"excerpt":{"rendered":"<p>Un nuevo hecho de inseguridad se registr\u00f3 este mi\u00e9rcoles en General Alvear, cuando delincuentes sustrajeron una motocicleta del patio delantero de &#8230;<\/p>\n","protected":false},"author":7,"featured_media":158246,"comment_status":"open","ping_status":"open","sticky":false,"template":"","format":"standard","meta":{"footnotes":""},"categories":[201,4],"tags":[],"class_list":["post-158444","post","type-post","status-publish","format-standard","has-post-thumbnail","hentry","category-inseguridad","category-policiales"],"_links":{"self":[{"href":"https:\/\/vinasfm.com\/noticias\/wp-json\/wp\/v2\/posts\/158444","targetHints":{"allow":["GET"]}}],"collection":[{"href":"https:\/\/vinasfm.com\/noticias\/wp-json\/wp\/v2\/posts"}],"about":[{"href":"https:\/\/vinasfm.com\/noticias\/wp-json\/wp\/v2\/types\/post"}],"author":[{"embeddable":true,"href":"https:\/\/vinasfm.com\/noticias\/wp-json\/wp\/v2\/users\/7"}],"replies":[{"embeddable":true,"href":"https:\/\/vinasfm.com\/noticias\/wp-json\/wp\/v2\/comments?post=158444"}],"version-history":[{"count":2,"href":"https:\/\/vinasfm.com\/noticias\/wp-json\/wp\/v2\/posts\/158444\/revisions"}],"predecessor-version":[{"id":158446,"href":"https:\/\/vinasfm.com\/noticias\/wp-json\/wp\/v2\/posts\/158444\/revisions\/158446"}],"wp:featuredmedia":[{"embeddable":true,"href":"https:\/\/vinasfm.com\/noticias\/wp-json\/wp\/v2\/media\/158246"}],"wp:attachment":[{"href":"https:\/\/vinasfm.com\/noticias\/wp-json\/wp\/v2\/media?parent=158444"}],"wp:term":[{"taxonomy":"category","embeddable":true,"href":"https:\/\/vinasfm.com\/noticias\/wp-json\/wp\/v2\/categories?post=158444"},{"taxonomy":"post_tag","embeddable":true,"href":"https:\/\/vinasfm.com\/noticias\/wp-json\/wp\/v2\/tags?post=158444"}],"curies":[{"name":"wp","href":"https:\/\/api.w.org\/{rel}","templated":true}]}}