{"id":158435,"date":"2026-03-12T09:33:51","date_gmt":"2026-03-12T12:33:51","guid":{"rendered":"https:\/\/vinasfm.com\/noticias\/?p=158435"},"modified":"2026-03-13T09:46:29","modified_gmt":"2026-03-13T12:46:29","slug":"la-uncuyo-informo-que-las-inscripciones-2027-para-sus-colegios-seran-despues-de-semana-santa","status":"publish","type":"post","link":"https:\/\/vinasfm.com\/noticias\/la-uncuyo-informo-que-las-inscripciones-2027-para-sus-colegios-seran-despues-de-semana-santa\/","title":{"rendered":"LA UNCUYO INFORM\u00d3 QUE LAS INSCRIPCIONES 2027 PARA SUS COLEGIOS SER\u00c1N DESPU\u00c9S DE SEMANA SANTA"},"content":{"rendered":"<h4><span style=\"color: #003366;\"><strong>El formulario estar\u00e1 disponible del 6 al 10 de abril. Los alumnos deber\u00e1n aprobar un trayecto de nivelaci\u00f3n antes de rendir el examen de Lengua y Matem\u00e1tica.<\/strong><\/span><\/h4>\n<div class=\"article-body first\">\n<div class=\"article-content\">\n<div class=\"cuerpo\" data-twitter-link=\"\">\n<p>La<strong> Universidad Nacional de Cuyo<\/strong><em> (UNCuyo)<\/em> inform\u00f3 este mi\u00e9rcoles el proceso de\u00a0<strong>inscripci\u00f3n<\/strong>\u00a0para el\u00a0<strong>ingreso 2027<\/strong>\u00a0a sus\u00a0<strong>escuelas secundarias.<\/strong>\u00a0Habr\u00e1 una \u00fanica preinscripci\u00f3n online que tendr\u00e1 lugar luego de Semana Santa. El formulario estar\u00e1 disponible en la web de la UNCuyo y en las webs de sus colegios \u00fanicamente desde las 8.30 del lunes 6 abril hasta las 23.59 del viernes 10 de abril.<\/p>\n<\/div>\n<\/div>\n<\/div>\n<div class=\"article-body\">\n<div class=\"article-content\">\n<div class=\"cuerpo\" data-twitter-link=\"\">\n<p>Este registro habilitar\u00e1 a participar del cursado virtual y la aprobaci\u00f3n de los diferentes m\u00f3dulos del Trayecto Formativo de Nivelaci\u00f3n -que dejar\u00e1 a los aspirantes en condiciones de rendir los ex\u00e1menes de Lengua y de Matem\u00e1tica- al tiempo que permitir\u00e1 dejar seleccionadas las escuelas que son de su inter\u00e9s.<\/p>\n<p><strong>Los interesados en las 1.110 vacantes disponibles deber\u00e1n ingresar el mail del estudiante (no se podr\u00e1 registrar el de otro familiar ya que es necesario para el trabajo en el aula virtual) en el formulario de preinscripci\u00f3n.<\/strong><\/p>\n<p>Una vez concluidos y aprobados al menos 5 de los 6 m\u00f3dulos de este curso de nivelaci\u00f3n (tanto para Lengua como para Matem\u00e1tica), se determinar\u00e1 qui\u00e9nes estar\u00e1n en condiciones de rendir los dos ex\u00e1menes a fines de septiembre y principios de octubre.<\/p>\n<p>La distribuci\u00f3n de vacantes, como todos los a\u00f1os, se realizar\u00e1 en funci\u00f3n del promedio de las notas obtenidas. Estar\u00e1n habilitados para participar todos los estudiantes de s\u00e9ptimo grado\u00a0<strong>sin piso de promedio en su recorrido escolar<\/strong>.<\/p>\n<p>Desde la\u00a0<strong>UNCuyo<\/strong>\u00a0informaron que los materiales digitales que se trabajar\u00e1n en el Trayecto Formativo tienen innovaciones y diferencias con respecto a los que se utilizaron en los a\u00f1os anteriores.<\/p>\n<h2>Fechas importantes para el ingreso 2027 a los colegios de la UNCuyo<\/h2>\n<p>La\u00a0<strong>UNCuyo<\/strong>\u00a0anunci\u00f3 este mi\u00e9rcoles el cronograma para el ingreso 2027 a sus colegios.<\/p>\n<h3>Preeinscripci\u00f3n<\/h3>\n<p>Del lunes 6 al viernes 10 de abril: los aspirantes a ingresar a alguna de las 6 escuelas secundarias de la\u00a0<strong>UNCuyo<\/strong>\u00a0(Liceo Agr\u00edcola, Escuela de Agricultura de General Alvear, Departamento de Aplicaci\u00f3n Docente (DAD),\u00a0<a href=\"https:\/\/www.diariouno.com.ar\/sociedad\/el-cuc-se-sumo-las-clases-celulares-que-se-guardaran-una-caja-n1530863\" target=\"_blank\" rel=\"follow noopener\">Colegio Universitario Central (CUC)<\/a>, Escuela del Magisterio, Escuela Mart\u00edn Zapata) deber\u00e1n realizar la preinscripci\u00f3n en una plataforma que se habilitar\u00e1 en la web de la\u00a0<strong><a href=\"http:\/\/www.uncuyo.edu.ar\/\" target=\"_blank\" rel=\"noopener\">UNCuyo\u00a0<\/a><\/strong>(www.uncuyo.edu.ar) y en todas las web de cada uno de los establecimientos secundarios de la universidad, desde las 8.30 del lunes 6 hasta las 23.59 del viernes 10 de abril.<\/p>\n<p>En esta instancia\u00a0<a href=\"https:\/\/www.diariouno.com.ar\/sociedad\/ingreso-los-colegios-la-uncuyo-la-mayoria-los-chicos-que-entro-viene-una-escuela-publica-n1495020\" target=\"_blank\" rel=\"follow noopener\">cada aspirante deber\u00e1 acompa\u00f1ar la selecci\u00f3n de escuela<\/a>\u00a0y modalidad con el certificado de Estudiante Regular (de su escuela primaria) e incluir un correo electr\u00f3nico propio (no de sus padres o familiares) para poder realizar los trabajos del Trayecto Formativo de Nivelaci\u00f3n en las aulas virtuales.<\/p>\n<h3>Trayecto formativo de nivelaci\u00f3n<\/h3>\n<p>El trabajo en las aulas virtuales comenzar\u00e1 el lunes 11 de mayo y finalizar\u00e1 el s\u00e1bado 15 de agosto a las 23.59.<\/p>\n<h3>Ex\u00e1menes<\/h3>\n<p>El martes 8 de septiembre, a las 12,\u00a0<a href=\"https:\/\/www.diariouno.com.ar\/politica\/ingreso-los-colegios-la-uncuyo-el-40-los-alumnos-se-saco-menos-4-matematica-n1490013\" target=\"_blank\" rel=\"follow noopener\">la\u00a0<strong>UNCuyo<\/strong>\u00a0publicar\u00e1 el listado de los aspirantes<\/a>\u00a0en condiciones de rendir las evaluaciones. Es decir, quienes hayan completado al menos 5 de los 6 m\u00f3dulos del Trayecto Formativo de Nivelaci\u00f3n para Lengua, y al menos 5 de los 6 para Matem\u00e1tica.<\/p>\n<p>La evaluaci\u00f3n de Lengua est\u00e1 prevista para el s\u00e1bado 26 de septiembre y la de Matem\u00e1tica tendr\u00e1 lugar el s\u00e1bado 3 de octubre en lugares y horarios a confirmar. No tienen recuperatorios.<\/p>\n<p><img decoding=\"async\" src=\"https:\/\/media.diariouno.com.ar\/p\/b9a5e80f9b6f789705b44fb990851d30\/adjuntos\/298\/imagenes\/009\/716\/0009716428\/1200x0\/smart\/colegios-la-uncuyo-2.jpg\" alt=\"Ingreso 2027 a los colegios de la UNCuyo.\" \/><\/p>\n<h3>Resultados<\/h3>\n<p>La publicaci\u00f3n de los promedios del resultado de las evaluaciones, as\u00ed como el orden de m\u00e9rito para las escuelas t\u00e9cnicas (Liceo Agr\u00edcola y Escuela de Agricultura de General Alvear) se realizar\u00e1 el mi\u00e9rcoles 21 de octubre, a las 12, en la web institucional de la universidad y de cada una de las escuelas.<\/p>\n<p>En tanto, la publicaci\u00f3n de promedios y orden de m\u00e9ritos para los bachilleratos orientados: Colegio Universitario Central (CUC), Escuela de Comercio Mart\u00edn Zapata, Escuela del Magisterio y Departamento de Aplicaci\u00f3n Docente (DAD), se llevar\u00e1 adelante el jueves 5 de noviembre a las 12 en la web de la\u00a0<strong>UNCuyo<\/strong>\u00a0y de cada una de las 4 escuelas mencionadas.<\/p>\n<\/div>\n<\/div>\n<\/div>\n","protected":false},"excerpt":{"rendered":"<p>El formulario estar\u00e1 disponible del 6 al 10 de abril. Los alumnos deber\u00e1n aprobar un trayecto de nivelaci\u00f3n antes de rendir &#8230;<\/p>\n","protected":false},"author":7,"featured_media":158436,"comment_status":"open","ping_status":"open","sticky":false,"template":"","format":"standard","meta":{"footnotes":""},"categories":[18,214],"tags":[],"class_list":["post-158435","post","type-post","status-publish","format-standard","has-post-thumbnail","hentry","category-educacion","category-uncuyo"],"_links":{"self":[{"href":"https:\/\/vinasfm.com\/noticias\/wp-json\/wp\/v2\/posts\/158435","targetHints":{"allow":["GET"]}}],"collection":[{"href":"https:\/\/vinasfm.com\/noticias\/wp-json\/wp\/v2\/posts"}],"about":[{"href":"https:\/\/vinasfm.com\/noticias\/wp-json\/wp\/v2\/types\/post"}],"author":[{"embeddable":true,"href":"https:\/\/vinasfm.com\/noticias\/wp-json\/wp\/v2\/users\/7"}],"replies":[{"embeddable":true,"href":"https:\/\/vinasfm.com\/noticias\/wp-json\/wp\/v2\/comments?post=158435"}],"version-history":[{"count":1,"href":"https:\/\/vinasfm.com\/noticias\/wp-json\/wp\/v2\/posts\/158435\/revisions"}],"predecessor-version":[{"id":158437,"href":"https:\/\/vinasfm.com\/noticias\/wp-json\/wp\/v2\/posts\/158435\/revisions\/158437"}],"wp:featuredmedia":[{"embeddable":true,"href":"https:\/\/vinasfm.com\/noticias\/wp-json\/wp\/v2\/media\/158436"}],"wp:attachment":[{"href":"https:\/\/vinasfm.com\/noticias\/wp-json\/wp\/v2\/media?parent=158435"}],"wp:term":[{"taxonomy":"category","embeddable":true,"href":"https:\/\/vinasfm.com\/noticias\/wp-json\/wp\/v2\/categories?post=158435"},{"taxonomy":"post_tag","embeddable":true,"href":"https:\/\/vinasfm.com\/noticias\/wp-json\/wp\/v2\/tags?post=158435"}],"curies":[{"name":"wp","href":"https:\/\/api.w.org\/{rel}","templated":true}]}}