{"id":158411,"date":"2026-03-11T10:26:39","date_gmt":"2026-03-11T13:26:39","guid":{"rendered":"https:\/\/vinasfm.com\/noticias\/?p=158411"},"modified":"2026-03-12T10:17:42","modified_gmt":"2026-03-12T13:17:42","slug":"molero-recibio-a-mariana-perra-cucatto-1-princesa-nacional-%f0%9f%91%91","status":"publish","type":"post","link":"https:\/\/vinasfm.com\/noticias\/molero-recibio-a-mariana-perra-cucatto-1-princesa-nacional-%f0%9f%91%91\/","title":{"rendered":"MOLERO RECIBI\u00d3 A MARIANA PERRA CUCATTO, 1\u00b0 PRINCESA NACIONAL"},"content":{"rendered":"<h4><span style=\"color: #003300;\"><em><strong>En el despacho municipal, el intendente de General Alvear, Alejandro Molero, recibi\u00f3 a la Reina Departamental de la Vendimia, Mariana Bel\u00e9n Perra Cucatto, luego de su destacada participaci\u00f3n en la Fiesta Nacional de la Vendimia, donde obtuvo el t\u00edtulo de Primera Princesa.<\/strong><\/em><\/span><\/h4>\n<p>Durante el encuentro, el jefe comunal comparti\u00f3 un desayuno con la soberana y destac\u00f3 el orgullo que gener\u00f3 su representaci\u00f3n para todo el departamento. <strong><em>\u201cEstamos felices de recibirla, de poder charlar con ella y de que nos cuente esta experiencia maravillosa que seguramente ha vivido. Le agradecemos por habernos representado y por hacernos sentir orgullosos a todos los alvearenses\u201d<\/em><\/strong>, expres\u00f3.<\/p>\n<p>Molero resalt\u00f3 adem\u00e1s las cualidades personales de la joven, m\u00e1s all\u00e1 de su belleza.<strong><em> \u201cEs una mujer que, adem\u00e1s de su belleza, tiene una gran calidez humana y sensibilidad. Eso nos llena de orgullo\u201d<\/em><\/strong>, afirm\u00f3.<\/p>\n<h3><a href=\"https:\/\/vinasfm.com\/noticias\/wp-content\/uploads\/2026\/03\/IMG-20260308-WA0044.jpg\"><img loading=\"lazy\" decoding=\"async\" class=\"wp-image-158415 aligncenter\" src=\"https:\/\/vinasfm.com\/noticias\/wp-content\/uploads\/2026\/03\/IMG-20260308-WA0044-1024x683.jpg\" alt=\"\" width=\"600\" height=\"400\" srcset=\"https:\/\/vinasfm.com\/noticias\/wp-content\/uploads\/2026\/03\/IMG-20260308-WA0044-1024x683.jpg 1024w, https:\/\/vinasfm.com\/noticias\/wp-content\/uploads\/2026\/03\/IMG-20260308-WA0044-300x200.jpg 300w, https:\/\/vinasfm.com\/noticias\/wp-content\/uploads\/2026\/03\/IMG-20260308-WA0044-768x512.jpg 768w, https:\/\/vinasfm.com\/noticias\/wp-content\/uploads\/2026\/03\/IMG-20260308-WA0044.jpg 1500w\" sizes=\"auto, (max-width: 600px) 100vw, 600px\" \/><\/a><\/h3>\n<p>Durante la reuni\u00f3n tambi\u00e9n se comenz\u00f3 a planificar el trabajo que la joven llevar\u00e1 adelante durante su reinado. Seg\u00fan explic\u00f3 el intendente, Mariana se sumar\u00e1 al equipo del municipio para impulsar acciones vinculadas principalmente a <strong>la salud mental<\/strong>, con especial atenci\u00f3n en los j\u00f3venes.<\/p>\n<p>En ese sentido, el jefe comunal record\u00f3 que el departamento se encuentra pr\u00f3ximo a inaugurar un <strong>hospital de salud mental en General Alvear<\/strong>, donde se desarrollar\u00e1n diversas acciones destinadas a la ni\u00f1ez, la adolescencia y los adultos mayores.<\/p>\n<p><em><strong>\u201cM\u00e1s all\u00e1 de los actos protocolares, ella ser\u00e1 parte de un equipo de trabajo. Vamos a trabajar mucho en salud mental, especialmente con los j\u00f3venes\u201d<\/strong><\/em>, se\u00f1al\u00f3.<\/p>\n<h3>Orgullo alvearense en Vendimia<\/h3>\n<p>Molero tambi\u00e9n destac\u00f3 los buenos resultados obtenidos por el departamento en las \u00faltimas ediciones del m\u00e1ximo evento vendimial.<strong><em> \u201cEl a\u00f1o pasado estuvimos en segundo lugar y este a\u00f1o nuevamente en el podio. Alvear es un lugar de excelente producci\u00f3n y tambi\u00e9n de mujeres muy bellas\u201d<\/em><\/strong>, expres\u00f3.<\/p>\n<p>Asimismo, remarc\u00f3 que el reconocimiento no solo responde a la belleza f\u00edsica, sino tambi\u00e9n a valores como la preparaci\u00f3n, la humildad y el compromiso social de las representantes alvearenses.<\/p>\n<h3><a href=\"https:\/\/vinasfm.com\/noticias\/wp-content\/uploads\/2026\/03\/FB_IMG_1773235644319.jpg\"><img loading=\"lazy\" decoding=\"async\" class=\"wp-image-158414 aligncenter\" src=\"https:\/\/vinasfm.com\/noticias\/wp-content\/uploads\/2026\/03\/FB_IMG_1773235644319.jpg\" alt=\"\" width=\"400\" height=\"534\" srcset=\"https:\/\/vinasfm.com\/noticias\/wp-content\/uploads\/2026\/03\/FB_IMG_1773235644319.jpg 720w, https:\/\/vinasfm.com\/noticias\/wp-content\/uploads\/2026\/03\/FB_IMG_1773235644319-225x300.jpg 225w\" sizes=\"auto, (max-width: 400px) 100vw, 400px\" \/><\/a><\/h3>\n<p>Por su parte, <span style=\"color: #003366;\"><strong>Mariana Bel\u00e9n Perra Cucatto<\/strong><\/span> manifest\u00f3 su felicidad por la experiencia vivida durante la Vendimia Nacional.<\/p>\n<p><em><strong>\u201cEstoy muy feliz de haber vivido esta experiencia tan hermosa. La convivencia fue muy linda, formamos un grupo hermoso y estoy muy agradecida con toda la gente que me acompa\u00f1\u00f3, con el municipio y con todos los que estuvieron presentes apoy\u00e1ndome\u201d<\/strong><\/em>, expres\u00f3.<\/p>\n<p>La joven tambi\u00e9n se refiri\u00f3 al proyecto que impulsar\u00e1 durante su reinado, centrado en la <strong>concientizaci\u00f3n sobre salud mental<\/strong>.<\/p>\n<p><strong><em>\u201cLa idea es difundir los lugares de atenci\u00f3n y las l\u00edneas telef\u00f3nicas disponibles. En Alvear tenemos muchos espacios de atenci\u00f3n gratuita y pronto se inaugurar\u00e1 el pabell\u00f3n de psiquiatr\u00eda, as\u00ed que estoy muy feliz de poder trabajar en este proyecto\u201d<\/em><\/strong>, explic\u00f3.<\/p>\n<p>Finalmente, destac\u00f3 el cari\u00f1o recibido durante la celebraci\u00f3n vendimial.<em><strong> \u201cEl acompa\u00f1amiento fue incre\u00edble, recib\u00ed mucho cari\u00f1o de la gente, de los turistas y de los ni\u00f1os. Siempre estuvimos invitando a conocer General Alvear\u201d<\/strong><\/em>, concluy\u00f3.<\/p>\n","protected":false},"excerpt":{"rendered":"<p>En el despacho municipal, el intendente de General Alvear, Alejandro Molero, recibi\u00f3 a la Reina Departamental de la Vendimia, Mariana Bel\u00e9n &#8230;<\/p>\n","protected":false},"author":7,"featured_media":158410,"comment_status":"open","ping_status":"open","sticky":false,"template":"","format":"standard","meta":{"footnotes":""},"categories":[78,25],"tags":[],"class_list":["post-158411","post","type-post","status-publish","format-standard","has-post-thumbnail","hentry","category-municipalidad","category-vendimia"],"_links":{"self":[{"href":"https:\/\/vinasfm.com\/noticias\/wp-json\/wp\/v2\/posts\/158411","targetHints":{"allow":["GET"]}}],"collection":[{"href":"https:\/\/vinasfm.com\/noticias\/wp-json\/wp\/v2\/posts"}],"about":[{"href":"https:\/\/vinasfm.com\/noticias\/wp-json\/wp\/v2\/types\/post"}],"author":[{"embeddable":true,"href":"https:\/\/vinasfm.com\/noticias\/wp-json\/wp\/v2\/users\/7"}],"replies":[{"embeddable":true,"href":"https:\/\/vinasfm.com\/noticias\/wp-json\/wp\/v2\/comments?post=158411"}],"version-history":[{"count":5,"href":"https:\/\/vinasfm.com\/noticias\/wp-json\/wp\/v2\/posts\/158411\/revisions"}],"predecessor-version":[{"id":158418,"href":"https:\/\/vinasfm.com\/noticias\/wp-json\/wp\/v2\/posts\/158411\/revisions\/158418"}],"wp:featuredmedia":[{"embeddable":true,"href":"https:\/\/vinasfm.com\/noticias\/wp-json\/wp\/v2\/media\/158410"}],"wp:attachment":[{"href":"https:\/\/vinasfm.com\/noticias\/wp-json\/wp\/v2\/media?parent=158411"}],"wp:term":[{"taxonomy":"category","embeddable":true,"href":"https:\/\/vinasfm.com\/noticias\/wp-json\/wp\/v2\/categories?post=158411"},{"taxonomy":"post_tag","embeddable":true,"href":"https:\/\/vinasfm.com\/noticias\/wp-json\/wp\/v2\/tags?post=158411"}],"curies":[{"name":"wp","href":"https:\/\/api.w.org\/{rel}","templated":true}]}}