{"id":158396,"date":"2026-03-11T09:16:02","date_gmt":"2026-03-11T12:16:02","guid":{"rendered":"https:\/\/vinasfm.com\/noticias\/?p=158396"},"modified":"2026-03-12T10:19:14","modified_gmt":"2026-03-12T13:19:14","slug":"general-alvear-sera-sede-del-torneo-vendimia-de-maxibasquet","status":"publish","type":"post","link":"https:\/\/vinasfm.com\/noticias\/general-alvear-sera-sede-del-torneo-vendimia-de-maxibasquet\/","title":{"rendered":"GENERAL ALVEAR SER\u00c1 SEDE DEL TORNEO VENDIMIA DE MAXIB\u00c1SQUET"},"content":{"rendered":"<h4 data-start=\"65\" data-end=\"319\"><span style=\"color: #003300;\"><strong>Del 13 al 15 de marzo se disputar\u00e1 en General Alvear el Torneo Vendimia de Maxib\u00e1squet, un evento deportivo que reunir\u00e1 a equipos de distintas provincias y que busca convertirse en una propuesta anual dentro del calendario deportivo del departamento.<\/strong><\/span><\/h4>\n<p data-start=\"321\" data-end=\"653\">En di\u00e1logo con <span style=\"color: #003366;\"><strong data-start=\"336\" data-end=\"348\">FM VI\u00d1AS<\/strong><\/span>, <strong><span style=\"color: #800080;\">Stella Montoya<\/span><\/strong>, integrante de la organizaci\u00f3n, explic\u00f3 que se trata de un nuevo desaf\u00edo para la agrupaci\u00f3n local de jugadoras y jugadores de maxib\u00e1squet. <em><strong>\u201cYa estamos llegando al d\u00eda en que vamos a estar reunidos en este nuevo desaf\u00edo para la agrupaci\u00f3n, que es el primer torneo que organizamos\u201d<\/strong><\/em>, se\u00f1al\u00f3.<\/p>\n<p data-start=\"655\" data-end=\"1139\">La competencia contar\u00e1 con la participaci\u00f3n de <strong data-start=\"702\" data-end=\"716\">26 equipos<\/strong> provenientes de distintos puntos del pa\u00eds, entre ellos delegaciones de <strong data-start=\"788\" data-end=\"866\">Mendoza capital, el sur provincial, Neuqu\u00e9n, R\u00edo Negro, San Luis y C\u00f3rdoba<\/strong>, lo que representa una importante convocatoria para ser la primera edici\u00f3n. Montoya destac\u00f3 que en este tipo de torneos no solo llegan los jugadores y jugadoras, sino tambi\u00e9n familiares y acompa\u00f1antes, lo que genera un importante movimiento tur\u00edstico para el departamento.<\/p>\n<p data-start=\"1141\" data-end=\"1309\"><em><strong>\u201cMuchos quieren conocer Mendoza en \u00e9poca de Vendimia, por eso elegimos esta fecha. Para nosotros es muy lindo poder recibirlos y mostrar nuestro departamento\u201d<\/strong><\/em>, expres\u00f3.<\/p>\n<p data-start=\"1141\" data-end=\"1309\"><img decoding=\"async\" class=\"aligncenter\" src=\"https:\/\/scontent.faep16-2.fna.fbcdn.net\/v\/t39.30808-6\/615833364_1232600305541026_7041264974443624581_n.jpg?stp=dst-jpg_p526x296_tt6&amp;_nc_cat=111&amp;ccb=1-7&amp;_nc_sid=7b2446&amp;_nc_eui2=AeGN9nvnZleme36kCPDBhn6HQXxV6Wb7DLxBfFXpZvsMvJ9xSDBIrG2KbSRpX16IWIA3arIBlrGxQQBsZHkFHAjw&amp;_nc_ohc=13LNPWAfoakQ7kNvwH_hc2k&amp;_nc_oc=Adn18FPjhGEg51Ils3oEY0bbvbQz1UG-Kf0qu2r8MZtdhoW8QASlNk36bjT75RLZOpo&amp;_nc_zt=23&amp;_nc_ht=scontent.faep16-2.fna&amp;_nc_gid=7L9ncMTVwgzEIgVTQTkhJA&amp;_nc_ss=8&amp;oh=00_AfxeybFax8xzbjEl7O8QR6WsnolI7Ue-1juktaxgh58DBA&amp;oe=69B73678\" alt=\"Puede ser una imagen de b\u00e1squet y texto que dice &quot;W5M GENERAL ALVEAR MENDOZA \u00a1\u00a1TE ESPERA!! MAXIBASQUET TORNEO VENDIMIA DEL 13 AL 15 DE MARZO 2026 CATEGORIAS: +40 \/+50 \/+60 FEMENINO Y MASCULINO APURATE!! INSCRIB\u00cd TU EQUIPO: MAXIBASQUETALVEAR@GMAIL.COM 2625-596466 I 524465&quot;\" \/><\/p>\n<p data-start=\"1342\" data-end=\"1556\">Las actividades comenzar\u00e1n <strong data-start=\"1369\" data-end=\"1397\">el jueves a las 20 horas<\/strong> con la recepci\u00f3n y acreditaci\u00f3n de las delegaciones en la oficina de <strong data-start=\"1467\" data-end=\"1491\">Informador Tur\u00edstico<\/strong>, donde adem\u00e1s se realizar\u00e1 un peque\u00f1o espect\u00e1culo de bienvenida.<\/p>\n<p data-start=\"1558\" data-end=\"1697\">Los partidos se disputar\u00e1n <strong data-start=\"1585\" data-end=\"1614\">viernes, s\u00e1bado y domingo<\/strong>, desde <strong data-start=\"1622\" data-end=\"1653\">las 9:30 hasta las 19 horas<\/strong>, en dos escenarios deportivos de la ciudad:<\/p>\n<ul data-start=\"1699\" data-end=\"1778\">\n<li data-section-id=\"15bhhql\" data-start=\"1699\" data-end=\"1748\">\n<p data-start=\"1701\" data-end=\"1748\"><strong data-start=\"1701\" data-end=\"1723\">Universo Deportivo<\/strong><\/p>\n<\/li>\n<li data-section-id=\"1cm8jf6\" data-start=\"1749\" data-end=\"1778\">\n<p data-start=\"1751\" data-end=\"1778\"><strong data-start=\"1751\" data-end=\"1778\">Polideportivo Municipal<\/strong><\/p>\n<\/li>\n<\/ul>\n<p data-start=\"1814\" data-end=\"2031\">El torneo se jugar\u00e1 en las categor\u00edas <strong data-start=\"1852\" data-end=\"1870\">+40, +50 y +60<\/strong>, tanto en <strong data-start=\"1881\" data-end=\"1913\">rama femenina como masculina<\/strong>. La entrada ser\u00e1 <strong data-start=\"1931\" data-end=\"1951\">libre y gratuita<\/strong>, por lo que la comunidad est\u00e1 invitada a acercarse y disfrutar de los partidos.<\/p>\n<p data-start=\"2033\" data-end=\"2248\"><strong><em>\u201cEs totalmente gratuito, la idea es ir, llevarse el mate, compartir y observar un buen b\u00e1squet\u201d<\/em><\/strong>, coment\u00f3 Montoya, quien adem\u00e1s invit\u00f3 a quienes nunca han visto esta disciplina a conocer c\u00f3mo se juega el maxib\u00e1squet.<\/p>\n<h3 data-section-id=\"kepj2v\" data-start=\"2250\" data-end=\"2282\">Un torneo que busca quedarse<\/h3>\n<p data-start=\"2283\" data-end=\"2616\">Desde la organizaci\u00f3n explicaron que el objetivo es <strong data-start=\"2335\" data-end=\"2366\">institucionalizar el torneo<\/strong> para que se realice todos los a\u00f1os luego del fin de semana de Vendimia Nacional. La agrupaci\u00f3n alvearense ya cuenta con experiencia organizando eventos importantes, como los <strong data-start=\"2541\" data-end=\"2582\">Campeonatos Argentinos de Maxib\u00e1squet<\/strong>, que se realizan cada cinco a\u00f1os.<\/p>\n<p data-start=\"2618\" data-end=\"2818\"><em><strong>\u201cQueremos que este torneo crezca con el tiempo, como otros a los que nosotros asistimos en C\u00f3rdoba, San Luis o Paran\u00e1, que hoy son internacionales y forman parte del calendario anual\u201d<\/strong><\/em>, indic\u00f3 Montoya.<\/p>\n<p data-start=\"2820\" data-end=\"3133\">Finalmente, la organizadora agradeci\u00f3 el acompa\u00f1amiento de <strong data-start=\"2879\" data-end=\"2959\">comercios, medios de comunicaci\u00f3n, la Municipalidad y el Concejo Deliberante<\/strong>, y pidi\u00f3 a la comunidad apoyar la iniciativa:<em><strong> \u201cCuando vean a los equipos en el departamento, ay\u00fadenlos y rec\u00edbanlos bien. Para nosotros es un orgullo mostrar nuestro lugar\u201d<\/strong><\/em>.<\/p>\n<p data-start=\"3135\" data-end=\"3313\" data-is-last-node=\"\" data-is-only-node=\"\">De esta manera, <strong data-start=\"3151\" data-end=\"3169\">General Alvear<\/strong> se prepara para vivir un fin de semana a puro deporte, camarader\u00eda y turismo con la llegada del primer <strong data-start=\"3273\" data-end=\"3307\">Torneo Vendimia de Maxib\u00e1squet<\/strong>.<\/p>\n","protected":false},"excerpt":{"rendered":"<p>Del 13 al 15 de marzo se disputar\u00e1 en General Alvear el Torneo Vendimia de Maxib\u00e1squet, un evento deportivo que reunir\u00e1 &#8230;<\/p>\n","protected":false},"author":7,"featured_media":158397,"comment_status":"open","ping_status":"open","sticky":false,"template":"","format":"standard","meta":{"footnotes":""},"categories":[3,11],"tags":[],"class_list":["post-158396","post","type-post","status-publish","format-standard","has-post-thumbnail","hentry","category-deportes","category-sociales"],"_links":{"self":[{"href":"https:\/\/vinasfm.com\/noticias\/wp-json\/wp\/v2\/posts\/158396","targetHints":{"allow":["GET"]}}],"collection":[{"href":"https:\/\/vinasfm.com\/noticias\/wp-json\/wp\/v2\/posts"}],"about":[{"href":"https:\/\/vinasfm.com\/noticias\/wp-json\/wp\/v2\/types\/post"}],"author":[{"embeddable":true,"href":"https:\/\/vinasfm.com\/noticias\/wp-json\/wp\/v2\/users\/7"}],"replies":[{"embeddable":true,"href":"https:\/\/vinasfm.com\/noticias\/wp-json\/wp\/v2\/comments?post=158396"}],"version-history":[{"count":1,"href":"https:\/\/vinasfm.com\/noticias\/wp-json\/wp\/v2\/posts\/158396\/revisions"}],"predecessor-version":[{"id":158398,"href":"https:\/\/vinasfm.com\/noticias\/wp-json\/wp\/v2\/posts\/158396\/revisions\/158398"}],"wp:featuredmedia":[{"embeddable":true,"href":"https:\/\/vinasfm.com\/noticias\/wp-json\/wp\/v2\/media\/158397"}],"wp:attachment":[{"href":"https:\/\/vinasfm.com\/noticias\/wp-json\/wp\/v2\/media?parent=158396"}],"wp:term":[{"taxonomy":"category","embeddable":true,"href":"https:\/\/vinasfm.com\/noticias\/wp-json\/wp\/v2\/categories?post=158396"},{"taxonomy":"post_tag","embeddable":true,"href":"https:\/\/vinasfm.com\/noticias\/wp-json\/wp\/v2\/tags?post=158396"}],"curies":[{"name":"wp","href":"https:\/\/api.w.org\/{rel}","templated":true}]}}