{"id":158391,"date":"2026-03-11T08:16:58","date_gmt":"2026-03-11T11:16:58","guid":{"rendered":"https:\/\/vinasfm.com\/noticias\/?p=158391"},"modified":"2026-03-12T10:20:20","modified_gmt":"2026-03-12T13:20:20","slug":"cornejo-participo-en-la-apertura-de-las-sesiones-de-alto-nivel-de-argentina-week-2026-en-nueva-york","status":"publish","type":"post","link":"https:\/\/vinasfm.com\/noticias\/cornejo-participo-en-la-apertura-de-las-sesiones-de-alto-nivel-de-argentina-week-2026-en-nueva-york\/","title":{"rendered":"CORNEJO PARTICIP\u00d3 EN LA APERTURA DE LAS SESIONES DE ALTO NIVEL DE ARGENTINA WEEK 2026 EN NUEVA YORK"},"content":{"rendered":"<h4 class=\"wp-block-heading\"><span style=\"color: #003300;\"><strong>El mandatario integr\u00f3 la comitiva encabezada por el presidente Javier Milei junto a mandatarios provinciales y funcionarios nacionales, en un encuentro orientado a promover inversiones internacionales en el pa\u00eds.<\/strong><\/span><\/h4>\n<p>El <span style=\"color: #000080;\"><strong>Gobernador Alfredo Cornejo<\/strong><\/span>, particip\u00f3 en la apertura de las sesiones de alto nivel de Argentina Week 2026, el evento que se desarrolla en Nueva York y que tiene como objetivo<strong> fortalecer la relaci\u00f3n con los principales actores del sistema financiero internacional y promover nuevas inversiones en la Argentina.<\/strong><\/p>\n<p>La actividad fue encabezada por el presidente <span style=\"color: #000080;\"><strong>Javier Milei<\/strong><\/span>, quien lleg\u00f3 al lugar con Cornejo. Luego, el mandatario nacional abri\u00f3 formalmente el encuentro ante m\u00e1s de doscientos inversores, banqueros y directivos de algunas de las compa\u00f1\u00edas m\u00e1s influyentes del mundo. La jornada inaugural tuvo lugar en el edificio de JPMorgan, ubicado en Park Avenue, uno de los principales centros financieros de la ciudad.<\/p>\n<p>La iniciativa<strong> cuenta con el respaldo institucional de entidades financieras internacionales<\/strong> como JPMorgan, Bank of America y Citibank, y <strong>busca posicionar a la Argentina como un destino atractivo para el capital global<\/strong> en un contexto de reformas econ\u00f3micas y apertura a los mercados internacionales.<\/p>\n<p>En el segundo d\u00eda de agenda de Argentina Week, Cornejo acompa\u00f1\u00f3 la exposici\u00f3n del presidente Milei en la apertura de las sesiones de alto nivel, una de las presentaciones centrales del evento frente a empresarios, CEOs y representantes de fondos de inversi\u00f3n. Durante su intervenci\u00f3n<strong>, el mandatario nacional expuso los lineamientos de su programa de gobierno con foco en la econom\u00eda, en un \u00e1mbito que re\u00fane a quienes toman decisiones de inversi\u00f3n a escala global.<\/strong><\/p>\n<p>En ese contexto, el encuentro tambi\u00e9n permiti\u00f3 <strong>reforzar la visibilidad del pa\u00eds en los principales circuitos financieros internacionales y consolidar un espacio de di\u00e1logo directo con actores clave del sistema econ\u00f3mico global.<\/strong> Para las provincias, este tipo de instancias representa adem\u00e1s una oportunidad para observar c\u00f3mo la Argentina vuelve a instalarse en la conversaci\u00f3n internacional sobre desarrollo, inversi\u00f3n y crecimiento.<\/p>\n<p>La jornada de este martes incluy\u00f3 adem\u00e1s un encuentro entre el presidente Milei y el CEO de JPMorgan, Jamie Dimon, uno de los referentes m\u00e1s influyentes del sistema financiero internacional.<\/p>\n<p><a href=\"https:\/\/vinasfm.com\/noticias\/wp-content\/uploads\/2026\/03\/02-2-1200x1159-1.jpg\"><img loading=\"lazy\" decoding=\"async\" class=\"wp-image-158393 aligncenter\" src=\"https:\/\/vinasfm.com\/noticias\/wp-content\/uploads\/2026\/03\/02-2-1200x1159-1-1024x989.jpg\" alt=\"\" width=\"501\" height=\"484\" srcset=\"https:\/\/vinasfm.com\/noticias\/wp-content\/uploads\/2026\/03\/02-2-1200x1159-1-1024x989.jpg 1024w, https:\/\/vinasfm.com\/noticias\/wp-content\/uploads\/2026\/03\/02-2-1200x1159-1-300x290.jpg 300w, https:\/\/vinasfm.com\/noticias\/wp-content\/uploads\/2026\/03\/02-2-1200x1159-1-768x742.jpg 768w, https:\/\/vinasfm.com\/noticias\/wp-content\/uploads\/2026\/03\/02-2-1200x1159-1.jpg 1200w\" sizes=\"auto, (max-width: 501px) 100vw, 501px\" \/><\/a><\/p>\n<p>En este marco, Cornejo integr\u00f3 la delegaci\u00f3n de gobernadores argentinos que participaron del encuentro junto a representantes del Gobierno nacional. Tambi\u00e9n estuvieron presentes los mandatarios provinciales <span style=\"color: #000080;\"><strong>Ra\u00fal Jalil<\/strong> <\/span>(Catamarca), <span style=\"color: #000080;\"><strong>Carlos Sadir<\/strong><\/span> (Jujuy), <span style=\"color: #000080;\"><strong>Gustavo S\u00e1enz<\/strong> <\/span>(Salta), <span style=\"color: #000080;\"><strong>Mart\u00edn Llaryora<\/strong><\/span> (C\u00f3rdoba),<span style=\"color: #000080;\"><strong> Rolando Figueroa<\/strong><\/span> (Neuqu\u00e9n),<strong><span style=\"color: #000080;\"> Alberto Weretilneck<\/span><\/strong> (R\u00edo Negro), <strong><span style=\"color: #000080;\">Ignacio Torres<\/span> <\/strong>(Chubut),<strong><span style=\"color: #000080;\"> Claudio Vidal<\/span> <\/strong>(Santa Cruz) y <span style=\"color: #000080;\"><strong>Juan Pablo Vald\u00e9s<\/strong> <\/span>(Corrientes).<\/p>\n<p>A modo de s\u00edntesis, el Gobernador Cornejo realiz\u00f3 un balance del discurso del presidente Javier Milei durante la apertura de Argentina Week y evalu\u00f3 como positiva la participaci\u00f3n argentina en el encuentro internacional, al tiempo que destac\u00f3 el inter\u00e9s de distintos sectores por invertir en el pa\u00eds y en la provincia.<\/p>\n<p>En ese marco, se\u00f1al\u00f3 que el evento fue organizado por diversas instituciones que participaron activamente y consider\u00f3 que la experiencia fue favorable, ya que, seg\u00fan expres\u00f3, <em><strong>\u201clo veo positivo por la articulaci\u00f3n lograda entre los distintos actores presentes\u201d.<\/strong><\/em><\/p>\n<p>Tambi\u00e9n se refiri\u00f3 al mensaje del jefe de Estado ante inversores y empresarios y explic\u00f3 que se trat\u00f3 de un planteo alineado con lo que el Gobierno nacional viene transmitiendo. En ese sentido, sostuvo que se trata de <em><strong>\u201cun discurso conocido para nosotros, para los argentinos\u201d<\/strong><\/em> y remarc\u00f3 que el Presidente plante\u00f3 ante el auditorio internacional que <em><strong>\u201cen la Argentina se est\u00e1 abriendo, que quiere cambiar definitivamente y que quiere dar certidumbre\u201d.<\/strong><\/em><\/p>\n<p>Cornejo consider\u00f3 adem\u00e1s que este tipo de encuentros permite mostrar el proceso de transformaci\u00f3n econ\u00f3mica que atraviesa el pa\u00eds. En ese sentido, se\u00f1al\u00f3 que <em><strong>\u201cArgentina est\u00e1 cambiando su modelo econ\u00f3mico, su paradigma econ\u00f3mico, con nuevas reglas de juego\u201d<\/strong><\/em>, y explic\u00f3 que el foro \u201cpermite mostrar esos cambios y dar certidumbre\u201d. En esa l\u00ednea, afirm\u00f3 que el Presidente<strong><em> \u201ces un buen comunicador de esos cambios y tiene credibilidad como para influir sobre los principales inversores en determinadas actividades\u201d.<\/em><\/strong><\/p>\n<p><a href=\"https:\/\/vinasfm.com\/noticias\/wp-content\/uploads\/2026\/03\/photo_5010300675203730317_y-1200x769-1.jpg\"><img loading=\"lazy\" decoding=\"async\" class=\"wp-image-158394 aligncenter\" src=\"https:\/\/vinasfm.com\/noticias\/wp-content\/uploads\/2026\/03\/photo_5010300675203730317_y-1200x769-1-1024x656.jpg\" alt=\"\" width=\"601\" height=\"385\" srcset=\"https:\/\/vinasfm.com\/noticias\/wp-content\/uploads\/2026\/03\/photo_5010300675203730317_y-1200x769-1-1024x656.jpg 1024w, https:\/\/vinasfm.com\/noticias\/wp-content\/uploads\/2026\/03\/photo_5010300675203730317_y-1200x769-1-300x192.jpg 300w, https:\/\/vinasfm.com\/noticias\/wp-content\/uploads\/2026\/03\/photo_5010300675203730317_y-1200x769-1-768x492.jpg 768w, https:\/\/vinasfm.com\/noticias\/wp-content\/uploads\/2026\/03\/photo_5010300675203730317_y-1200x769-1.jpg 1200w\" sizes=\"auto, (max-width: 601px) 100vw, 601px\" \/><\/a><\/p>\n<p>Respecto de las oportunidades para Mendoza, el mandatario provincial explic\u00f3 que la provincia busca posicionarse ante potenciales inversores en distintos sectores estrat\u00e9gicos. Seg\u00fan indic\u00f3,<em><strong> \u201cMendoza tiene oportunidades en el petr\u00f3leo convencional y no convencional, en la miner\u00eda del cobre y en el turismo, en particular en el turismo alrededor del vino y de la gastronom\u00eda\u201d<\/strong><\/em>, \u00e1reas que requieren importantes desembolsos de capital para expandirse.<\/p>\n<p>Argentina Week fue impulsada por el embajador argentino en Estados Unidos, Alec Oxenford, junto al equipo econ\u00f3mico liderado por el ministro de Econom\u00eda, Luis Caputo. La propuesta busca generar un espacio de di\u00e1logo directo entre autoridades argentinas y referentes del sector financiero internacional para ampliar las oportunidades de inversi\u00f3n y fortalecer los v\u00ednculos econ\u00f3micos con la regi\u00f3n.<\/p>\n","protected":false},"excerpt":{"rendered":"<p>El mandatario integr\u00f3 la comitiva encabezada por el presidente Javier Milei junto a mandatarios provinciales y funcionarios nacionales, en un encuentro &#8230;<\/p>\n","protected":false},"author":7,"featured_media":158392,"comment_status":"open","ping_status":"open","sticky":false,"template":"","format":"standard","meta":{"footnotes":""},"categories":[10,77],"tags":[],"class_list":["post-158391","post","type-post","status-publish","format-standard","has-post-thumbnail","hentry","category-destacadas","category-gobierno"],"_links":{"self":[{"href":"https:\/\/vinasfm.com\/noticias\/wp-json\/wp\/v2\/posts\/158391","targetHints":{"allow":["GET"]}}],"collection":[{"href":"https:\/\/vinasfm.com\/noticias\/wp-json\/wp\/v2\/posts"}],"about":[{"href":"https:\/\/vinasfm.com\/noticias\/wp-json\/wp\/v2\/types\/post"}],"author":[{"embeddable":true,"href":"https:\/\/vinasfm.com\/noticias\/wp-json\/wp\/v2\/users\/7"}],"replies":[{"embeddable":true,"href":"https:\/\/vinasfm.com\/noticias\/wp-json\/wp\/v2\/comments?post=158391"}],"version-history":[{"count":1,"href":"https:\/\/vinasfm.com\/noticias\/wp-json\/wp\/v2\/posts\/158391\/revisions"}],"predecessor-version":[{"id":158395,"href":"https:\/\/vinasfm.com\/noticias\/wp-json\/wp\/v2\/posts\/158391\/revisions\/158395"}],"wp:featuredmedia":[{"embeddable":true,"href":"https:\/\/vinasfm.com\/noticias\/wp-json\/wp\/v2\/media\/158392"}],"wp:attachment":[{"href":"https:\/\/vinasfm.com\/noticias\/wp-json\/wp\/v2\/media?parent=158391"}],"wp:term":[{"taxonomy":"category","embeddable":true,"href":"https:\/\/vinasfm.com\/noticias\/wp-json\/wp\/v2\/categories?post=158391"},{"taxonomy":"post_tag","embeddable":true,"href":"https:\/\/vinasfm.com\/noticias\/wp-json\/wp\/v2\/tags?post=158391"}],"curies":[{"name":"wp","href":"https:\/\/api.w.org\/{rel}","templated":true}]}}