{"id":158385,"date":"2026-03-10T11:59:37","date_gmt":"2026-03-10T14:59:37","guid":{"rendered":"https:\/\/vinasfm.com\/noticias\/?p=158385"},"modified":"2026-03-12T10:20:39","modified_gmt":"2026-03-12T13:20:39","slug":"general-alvear-se-prepara-para-recibir-la-encrucijada-con-fuerte-impacto-turistico-y-deportivo","status":"publish","type":"post","link":"https:\/\/vinasfm.com\/noticias\/general-alvear-se-prepara-para-recibir-la-encrucijada-con-fuerte-impacto-turistico-y-deportivo\/","title":{"rendered":"GENERAL ALVEAR SE PREPARA PARA RECIBIR LA ENCRUCIJADA CON FUERTE IMPACTO TUR\u00cdSTICO Y DEPORTIVO"},"content":{"rendered":"<h4><span style=\"color: #003300;\"><strong>General Alvear ser\u00e1 sede de una nueva edici\u00f3n de La Encrucijada, un evento deportivo de gran magnitud que reunir\u00e1 a decenas de equipos y que promete generar un importante movimiento tur\u00edstico del 20 al 22 de marzo.<\/strong><\/span><\/h4>\n<p>En di\u00e1logo con <span style=\"color: #800080;\"><strong>FM VI\u00d1AS<\/strong><\/span>, <em>el director de Turismo<\/em>, <span style=\"color: #003366;\"><strong>Gustavo Garc\u00eda<\/strong><\/span>, destac\u00f3 la relevancia del evento para el departamento.<em><strong> \u201cEs un evento muy importante para los alvearenses, que pone en valor todo lo tur\u00edstico y genera un gran movimiento de gente en la ciudad. En estas \u00e9pocas dif\u00edciles, el impacto econ\u00f3mico que produce en la sociedad de Alvear es muy importante\u201d<\/strong><\/em>, se\u00f1al\u00f3.<\/p>\n<p>El funcionario remarc\u00f3 adem\u00e1s el esfuerzo del municipio para concretar este tipo de iniciativas.<em><strong> \u201cM\u00e1s que un gasto, es una inversi\u00f3n para que toda la sociedad pueda disfrutarlo y para que tenga un impacto econ\u00f3mico positivo\u201d<\/strong><\/em>, afirm\u00f3, al tiempo que celebr\u00f3 el regreso de la competencia a la ciudad.<\/p>\n<h3>Un evento deportivo de gran magnitud<\/h3>\n<p>Por su parte, el director de Deportes, Alberto G\u00f3mez, explic\u00f3 que se trata del <strong>primer gran evento deportivo del a\u00f1o<\/strong> para el departamento y adelant\u00f3 algunas novedades en el desarrollo de la competencia.<\/p>\n<p>En esta edici\u00f3n, el tradicional pr\u00f3logo que sol\u00eda realizarse en el aut\u00f3dromo tendr\u00e1 un cambio de escenario: se llevar\u00e1 a cabo en el <strong>nuevo circuito Costanera Centro<\/strong>, ubicado entre el polideportivo y el r\u00edo. All\u00ed se realizar\u00e1n especiales cronometrados y tambi\u00e9n la tradicional <strong>largada simb\u00f3lica el viernes por la noche<\/strong>, abierta a todo el p\u00fablico.<\/p>\n<p><a href=\"https:\/\/vinasfm.com\/noticias\/wp-content\/uploads\/2026\/03\/IMG-20260310-WA0031.jpg\"><img loading=\"lazy\" decoding=\"async\" class=\"alignnone size-large wp-image-158388\" src=\"https:\/\/vinasfm.com\/noticias\/wp-content\/uploads\/2026\/03\/IMG-20260310-WA0031-1024x577.jpg\" alt=\"\" width=\"1024\" height=\"577\" srcset=\"https:\/\/vinasfm.com\/noticias\/wp-content\/uploads\/2026\/03\/IMG-20260310-WA0031-1024x577.jpg 1024w, https:\/\/vinasfm.com\/noticias\/wp-content\/uploads\/2026\/03\/IMG-20260310-WA0031-300x169.jpg 300w, https:\/\/vinasfm.com\/noticias\/wp-content\/uploads\/2026\/03\/IMG-20260310-WA0031-768x432.jpg 768w, https:\/\/vinasfm.com\/noticias\/wp-content\/uploads\/2026\/03\/IMG-20260310-WA0031-1536x865.jpg 1536w, https:\/\/vinasfm.com\/noticias\/wp-content\/uploads\/2026\/03\/IMG-20260310-WA0031-1140x641.jpg 1140w, https:\/\/vinasfm.com\/noticias\/wp-content\/uploads\/2026\/03\/IMG-20260310-WA0031.jpg 1600w\" sizes=\"auto, (max-width: 1024px) 100vw, 1024px\" \/><\/a><\/p>\n<h3>Tres d\u00edas de competencia y espect\u00e1culo<\/h3>\n<p>En tanto, Hugo Balada detall\u00f3 que la competencia marcar\u00e1 el inicio de un nuevo campeonato de <strong>Rally Cross Country<\/strong> y contar\u00e1 con la participaci\u00f3n estimada de <strong>entre 60 y 70 equipos<\/strong>, provenientes de distintos puntos del pa\u00eds.<\/p>\n<p>El cronograma prev\u00e9 actividades durante <strong>tres jornadas<\/strong>. El viernes se realizar\u00e1 la clasificaci\u00f3n en el circuito Costanera Centro entre las <strong>14 y las 18<\/strong>, seguida por la <strong>largada simb\u00f3lica a las 20<\/strong>. Esa misma noche habr\u00e1 un <strong>especial nocturno para motos y cuatriciclos<\/strong> en el mismo circuito.<\/p>\n<p>El s\u00e1bado la competencia se trasladar\u00e1 a distintos escenarios naturales del departamento, con un especial cronometrado que recorrer\u00e1 el <strong>r\u00edo seco de Los Toldos y la zona del Cerro Chato<\/strong>, para luego continuar por <strong>las dunas de El Nihuil<\/strong> y el <strong>r\u00edo Los Leones<\/strong>. Durante la noche, la actividad volver\u00e1 al circuito urbano.<\/p>\n<p>El domingo se disputar\u00e1 la etapa final con recorridos por <strong>Los Leones, el r\u00edo Los Potrillos y Los Toldos<\/strong>, concluyendo nuevamente en el circuito Costanera Centro.<\/p>\n<p>En total, la competencia tendr\u00e1 <strong>alrededor de 450 kil\u00f3metros de especiales cronometrados<\/strong>.<\/p>\n<h3>Movimiento tur\u00edstico para la ciudad<\/h3>\n<p>Desde la organizaci\u00f3n se\u00f1alaron que muchos equipos llegar\u00e1n a General Alvear desde otras provincias, lo que generar\u00e1 un movimiento significativo en <strong>hoteler\u00eda, gastronom\u00eda y comercios locales<\/strong>, ya que la mayor\u00eda de los participantes suele arribar uno o dos d\u00edas antes del inicio de la carrera y permanecer hasta despu\u00e9s de su finalizaci\u00f3n.<\/p>\n<p><em><strong>\u201cPara nosotros es un gusto enorme estar en una localidad tan linda y ordenada como Alvear\u201d<\/strong><\/em>, expres\u00f3 Balada, quien adem\u00e1s invit\u00f3 a vecinos y visitantes a acercarse a disfrutar del espect\u00e1culo deportivo.<\/p>\n<p>La Encrucijada se disputar\u00e1 durante el fin de semana largo y promete convertirse en <strong>uno de los eventos deportivos y tur\u00edsticos m\u00e1s importantes del calendario local<\/strong>.<\/p>\n","protected":false},"excerpt":{"rendered":"<p>General Alvear ser\u00e1 sede de una nueva edici\u00f3n de La Encrucijada, un evento deportivo de gran magnitud que reunir\u00e1 a decenas &#8230;<\/p>\n","protected":false},"author":7,"featured_media":158389,"comment_status":"open","ping_status":"open","sticky":false,"template":"","format":"standard","meta":{"footnotes":""},"categories":[3,10],"tags":[],"class_list":["post-158385","post","type-post","status-publish","format-standard","has-post-thumbnail","hentry","category-deportes","category-destacadas"],"_links":{"self":[{"href":"https:\/\/vinasfm.com\/noticias\/wp-json\/wp\/v2\/posts\/158385","targetHints":{"allow":["GET"]}}],"collection":[{"href":"https:\/\/vinasfm.com\/noticias\/wp-json\/wp\/v2\/posts"}],"about":[{"href":"https:\/\/vinasfm.com\/noticias\/wp-json\/wp\/v2\/types\/post"}],"author":[{"embeddable":true,"href":"https:\/\/vinasfm.com\/noticias\/wp-json\/wp\/v2\/users\/7"}],"replies":[{"embeddable":true,"href":"https:\/\/vinasfm.com\/noticias\/wp-json\/wp\/v2\/comments?post=158385"}],"version-history":[{"count":5,"href":"https:\/\/vinasfm.com\/noticias\/wp-json\/wp\/v2\/posts\/158385\/revisions"}],"predecessor-version":[{"id":158406,"href":"https:\/\/vinasfm.com\/noticias\/wp-json\/wp\/v2\/posts\/158385\/revisions\/158406"}],"wp:featuredmedia":[{"embeddable":true,"href":"https:\/\/vinasfm.com\/noticias\/wp-json\/wp\/v2\/media\/158389"}],"wp:attachment":[{"href":"https:\/\/vinasfm.com\/noticias\/wp-json\/wp\/v2\/media?parent=158385"}],"wp:term":[{"taxonomy":"category","embeddable":true,"href":"https:\/\/vinasfm.com\/noticias\/wp-json\/wp\/v2\/categories?post=158385"},{"taxonomy":"post_tag","embeddable":true,"href":"https:\/\/vinasfm.com\/noticias\/wp-json\/wp\/v2\/tags?post=158385"}],"curies":[{"name":"wp","href":"https:\/\/api.w.org\/{rel}","templated":true}]}}