{"id":158328,"date":"2026-03-09T09:46:07","date_gmt":"2026-03-09T12:46:07","guid":{"rendered":"https:\/\/vinasfm.com\/noticias\/?p=158328"},"modified":"2026-03-10T10:28:24","modified_gmt":"2026-03-10T13:28:24","slug":"mas-de-40-emprendedoras-participaron-de-un-agasajo-y-conversatorio-en-el-polideportivo-deportistas-alvearenses","status":"publish","type":"post","link":"https:\/\/vinasfm.com\/noticias\/mas-de-40-emprendedoras-participaron-de-un-agasajo-y-conversatorio-en-el-polideportivo-deportistas-alvearenses\/","title":{"rendered":"M\u00c1S DE 40 EMPRENDEDORAS PARTICIPARON DE UN AGASAJO Y CONVERSATORIO EN EL POLIDEPORTIVO DEPORTISTAS ALVEARENSES"},"content":{"rendered":"<h4><span style=\"color: #000080;\"><strong>En el marco del D\u00eda Internacional de la Mujer el domingo 8 de marzo, en el Polideportivo Deportistas Alvearenses, se realiz\u00f3 un agasajo y conversatorio destinado a mujeres emprendedoras del departamento, con el objetivo de reconocer su labor y generar un espacio de intercambio de experiencias, aprendizajes y herramientas para fortalecer sus proyectos.<\/strong><\/span><\/h4>\n<p>La actividad reuni\u00f3 a participantes vinculadas a la econom\u00eda social, quienes acompa\u00f1an de manera permanente las propuestas que se desarrollan en distintos espacios del departamento, como el mercado municipal, el paseo de los artesanos, el boulevard y el kil\u00f3metro cero, adem\u00e1s de ferias y eventos locales.<\/p>\n<p>La<em> directora de Familia<\/em>, <span style=\"color: #000080;\">Gabriela Arzelan<\/span>, explic\u00f3 que la propuesta busc\u00f3 generar un momento de encuentro y reflexi\u00f3n. <strong>\u201cEstamos realizando una actividad que es un encuentro con mujeres emprendedoras. Queremos agasajarlas y reconocer el trabajo que vienen realizando estas mujeres que acompa\u00f1an al municipio a trav\u00e9s de la econom\u00eda social\u201d<\/strong>, expres\u00f3.<\/p>\n<p>Durante la jornada se desarroll\u00f3 una charla de educaci\u00f3n financiera a cargo de una profesional del equipo municipal, orientada a brindar herramientas para potenciar los emprendimientos. Adem\u00e1s, se comparti\u00f3 el testimonio de una emprendedora que relat\u00f3 su experiencia personal y el camino recorrido para consolidar su actividad.<\/p>\n<p>Por su parte, <em>la referente de Econom\u00eda Social<\/em>, <span style=\"color: #000080;\"><strong>Mariela Card\u00faz<\/strong><\/span>, valor\u00f3 la participaci\u00f3n de las emprendedoras y el rol que cumplen dentro del sector. <em><strong>\u201cHoy nos acompa\u00f1an 40 emprendedoras de General Alvear. Muchas de ellas son sost\u00e9n de familia y representan el 62% de los 393 emprendimientos que tenemos registrados en el \u00e1rea\u201d<\/strong><\/em>, indic\u00f3, y agreg\u00f3:<strong><em> \u201ccontamos con un conjunto de emprendedoras muy comprometido, que entendi\u00f3 que es entre todas. Se acompa\u00f1an, comparten conocimientos e incluso insumos para ayudar a quienes m\u00e1s lo necesitan\u201d.<\/em><\/strong><\/p>\n<p>En ese marco, Andrea, una de las participantes, comparti\u00f3 su experiencia personal vinculada a la gastronom\u00eda.<em><strong> \u201cEmpec\u00e9 a aprender por medio de econom\u00eda social y fui creciendo. Hoy tengo mi propio emprendimiento. Lo importante es no quedarse con la idea de que no se puede; hay que proponerse metas y avanzar\u201d<\/strong><\/em>, expres\u00f3.<\/p>\n<p>El encuentro concluy\u00f3 con un saludo a todas las mujeres del departamento y un reconocimiento a su compromiso cotidiano en distintos \u00e1mbitos de la comunidad.<\/p>\n<p>&nbsp;<\/p>\n","protected":false},"excerpt":{"rendered":"<p>En el marco del D\u00eda Internacional de la Mujer el domingo 8 de marzo, en el Polideportivo Deportistas Alvearenses, se realiz\u00f3 &#8230;<\/p>\n","protected":false},"author":7,"featured_media":158329,"comment_status":"open","ping_status":"open","sticky":false,"template":"","format":"standard","meta":{"footnotes":""},"categories":[183,11],"tags":[],"class_list":["post-158328","post","type-post","status-publish","format-standard","has-post-thumbnail","hentry","category-emprendedores","category-sociales"],"_links":{"self":[{"href":"https:\/\/vinasfm.com\/noticias\/wp-json\/wp\/v2\/posts\/158328","targetHints":{"allow":["GET"]}}],"collection":[{"href":"https:\/\/vinasfm.com\/noticias\/wp-json\/wp\/v2\/posts"}],"about":[{"href":"https:\/\/vinasfm.com\/noticias\/wp-json\/wp\/v2\/types\/post"}],"author":[{"embeddable":true,"href":"https:\/\/vinasfm.com\/noticias\/wp-json\/wp\/v2\/users\/7"}],"replies":[{"embeddable":true,"href":"https:\/\/vinasfm.com\/noticias\/wp-json\/wp\/v2\/comments?post=158328"}],"version-history":[{"count":2,"href":"https:\/\/vinasfm.com\/noticias\/wp-json\/wp\/v2\/posts\/158328\/revisions"}],"predecessor-version":[{"id":158331,"href":"https:\/\/vinasfm.com\/noticias\/wp-json\/wp\/v2\/posts\/158328\/revisions\/158331"}],"wp:featuredmedia":[{"embeddable":true,"href":"https:\/\/vinasfm.com\/noticias\/wp-json\/wp\/v2\/media\/158329"}],"wp:attachment":[{"href":"https:\/\/vinasfm.com\/noticias\/wp-json\/wp\/v2\/media?parent=158328"}],"wp:term":[{"taxonomy":"category","embeddable":true,"href":"https:\/\/vinasfm.com\/noticias\/wp-json\/wp\/v2\/categories?post=158328"},{"taxonomy":"post_tag","embeddable":true,"href":"https:\/\/vinasfm.com\/noticias\/wp-json\/wp\/v2\/tags?post=158328"}],"curies":[{"name":"wp","href":"https:\/\/api.w.org\/{rel}","templated":true}]}}