{"id":158321,"date":"2026-03-09T09:00:36","date_gmt":"2026-03-09T12:00:36","guid":{"rendered":"https:\/\/vinasfm.com\/noticias\/?p=158321"},"modified":"2026-03-10T10:28:39","modified_gmt":"2026-03-10T13:28:39","slug":"vendimia-2026-una-multitud-recibio-a-las-nuevas-soberanas-en-la-serenata-de-las-reinas","status":"publish","type":"post","link":"https:\/\/vinasfm.com\/noticias\/vendimia-2026-una-multitud-recibio-a-las-nuevas-soberanas-en-la-serenata-de-las-reinas\/","title":{"rendered":"VENDIMIA 2026: UNA MULTITUD RECIBI\u00d3 A LAS NUEVAS SOBERANAS EN LA SERENATA DE LAS REINAS"},"content":{"rendered":"<h4 class=\"wp-block-heading\"><span style=\"color: #003300;\">Tras la coronaci\u00f3n en el Teatro Griego Frank Romero Day, la reina Nacional de la Vendimia, Azul Antol\u00ednez, y la virreina Nacional, Agustina Giacomelli, fueron recibidas con una serenata de la Banda de M\u00fasica de la Polic\u00eda de Mendoza y compartieron su primer encuentro con el p\u00fablico frente al edificio de la Subsecretar\u00eda de Cultura.<\/span><\/h4>\n<p>Ante una gran multitud, las soberanas coronadas en <em>\u201c90 cosechas de una misma cepa\u201d<\/em> fueron ovacionadas por mendocinos y turistas que se acercaron hasta el emblem\u00e1tico edificio ubicado en la intersecci\u00f3n de Espa\u00f1a y Guti\u00e9rrez.<\/p>\n<p>Minutos despu\u00e9s de ser coronadas en el Teatro Griego Frank Romero Day, las representantes vendimiales se trasladaron hasta la sede de Cultura, donde fueron recibidas por la Banda de M\u00fasica de la Polic\u00eda de Mendoza \u201cCabo 1\u00b0 Gustavo Ramet\u201d, que despleg\u00f3 un repertorio musical para acompa\u00f1ar este tradicional encuentro con el p\u00fablico.<\/p>\n<p>Previamente, mendocinos y visitantes tambi\u00e9n disfrutaron de la transmisi\u00f3n en vivo de la Fiesta Nacional de la Vendimia \u201c90 cosechas de una misma cepa\u201d.<\/p>\n<p>Para dar inicio oficial a la Serenata de las Reinas, el <em>subsecretario de Cultura<\/em>,<span style=\"color: #003366;\"><strong> Diego Gareca<\/strong><\/span>, agradeci\u00f3 la presencia del p\u00fablico y destac\u00f3 la importancia del momento.<em><strong> \u201cMendoza, gracias por estar presentes esta noche aqu\u00ed, frente al edificio de la Subsecretar\u00eda de Cultura. Agradecemos tambi\u00e9n a la banda de m\u00fasica que nos acompa\u00f1a todos los a\u00f1os en este momento tan especial\u201d<\/strong><\/em>, expres\u00f3.<\/p>\n<p>Adem\u00e1s, celebr\u00f3 la coronaci\u00f3n de las nuevas soberanas vendimiales:<strong><em> \u201cHoy Mendoza tiene una nueva Reina Nacional de la Vendimia, representante del departamento de San Rafael, y tambi\u00e9n a su Virreina Nacional, representante del departamento de Tunuy\u00e1n. Un fuerte aplauso para recibir a las dos soberanas de esta Vendimia que celebra sus 90 a\u00f1os\u201d.<\/em><\/strong><\/p>\n<p>En ese marco, tambi\u00e9n dio la bienvenida a las autoridades presentes. <em><strong>\u201cEs un gusto compartir este momento y dar la bienvenida tambi\u00e9n a los intendentes de San Rafael y de Tunuy\u00e1n. Gracias por acompa\u00f1ar, por el trabajo realizado durante estos meses en sus Vendimias departamentales y por estar hoy junto a la Reina Nacional y a la Virreina Nacional de la Vendimia. Bienvenidos y felices 90 a\u00f1os de Vendimia\u201d.<\/strong><\/em><\/p>\n<p><a href=\"https:\/\/vinasfm.com\/noticias\/wp-content\/uploads\/2026\/03\/Serenata-Reinas-2026-23-1200x800-1.jpeg\"><img loading=\"lazy\" decoding=\"async\" class=\"wp-image-158322 aligncenter\" src=\"https:\/\/vinasfm.com\/noticias\/wp-content\/uploads\/2026\/03\/Serenata-Reinas-2026-23-1200x800-1-1024x683.jpeg\" alt=\"\" width=\"620\" height=\"413\" srcset=\"https:\/\/vinasfm.com\/noticias\/wp-content\/uploads\/2026\/03\/Serenata-Reinas-2026-23-1200x800-1-1024x683.jpeg 1024w, https:\/\/vinasfm.com\/noticias\/wp-content\/uploads\/2026\/03\/Serenata-Reinas-2026-23-1200x800-1-300x200.jpeg 300w, https:\/\/vinasfm.com\/noticias\/wp-content\/uploads\/2026\/03\/Serenata-Reinas-2026-23-1200x800-1-768x512.jpeg 768w, https:\/\/vinasfm.com\/noticias\/wp-content\/uploads\/2026\/03\/Serenata-Reinas-2026-23-1200x800-1.jpeg 1200w\" sizes=\"auto, (max-width: 620px) 100vw, 620px\" \/><\/a><\/p>\n<p>Por su parte, el <em>intendente de San Rafael<\/em>, <span style=\"color: #003366;\"><strong>Omar F\u00e9lix<\/strong><\/span>, destac\u00f3 el significado de la coronaci\u00f3n para la provincia. <em><strong>\u201cLa verdad es que esta es una noche de felicidad para Mendoza. Una noche de felicidad para nuestra Reina y tambi\u00e9n para nuestra Virreina; una noche de alegr\u00eda para los departamentos que ellas representan\u201d.<\/strong><\/em><\/p>\n<p>En ese sentido, remarc\u00f3 el valor simb\u00f3lico de las soberanas. <em><strong>\u201cEllas son la expresi\u00f3n del trabajo y del esfuerzo de los mendocinos en general. No tengo dudas de que van a representar de esa manera a toda la provincia de Mendoza\u201d.<\/strong><\/em><\/p>\n<p>Tambi\u00e9n, vincul\u00f3 el momento con la conmemoraci\u00f3n del D\u00eda Internacional de la Mujer. <strong><em>\u201cAdem\u00e1s, en un d\u00eda que ya ha terminado pero que ha sido muy especial, como el D\u00eda de la Mujer, ellas tambi\u00e9n son una clara expresi\u00f3n y representaci\u00f3n de todas las mujeres mendocinas. Y eso es realmente muy valioso\u201d.<\/em><\/strong><\/p>\n<p>Por otro lado, el <em>intendente de Tunuy\u00e1n<\/em>,<span style=\"color: #003366;\"><strong> Emir Andraos<\/strong><\/span>, destac\u00f3 el acompa\u00f1amiento de la comunidad durante el proceso vendimial.<em><strong> \u201cQuiero agradecer much\u00edsimo a la familia de Agustina, a sus amigas y a todo el equipo municipal, porque la verdad es que hemos transitado este camino con mucha alegr\u00eda, sosteniendo nuestra cultura y nuestra tradici\u00f3n, y poniendo en valor aquello que los mendocinos sentimos como parte de nuestra identidad\u201d.<\/strong><\/em><\/p>\n<p>Adem\u00e1s, expres\u00f3 su deseo para el nuevo ciclo que comienzan las soberanas. <strong><em>\u201cEspero que este trayecto haya sido hermoso, que lo disfruten y que puedan ser grandes compa\u00f1eras en todo este recorrido\u201d.<\/em><\/strong><\/p>\n<p>En ese sentido, se\u00f1al\u00f3 el desaf\u00edo que tendr\u00e1n durante el pr\u00f3ximo a\u00f1o. <em><strong>\u201cLes espera un a\u00f1o intenso, de mucho trabajo, en el que tendr\u00e1n la responsabilidad de representar a Mendoza. Son, sin duda, las grandes embajadoras de nuestra querida provincia\u201d.<\/strong><\/em><\/p>\n<blockquote><p>\u00ab<strong>Esta corona se la debo a ustedes<\/strong>\u00ab<\/p><\/blockquote>\n<p>La <em>Reina Nacional de la Vendimia 2026<\/em>, <span style=\"color: #003366;\"><strong>Azul Antol\u00ednez<\/strong><\/span>, agradeci\u00f3 el acompa\u00f1amiento recibido durante todo el camino vendimial y record\u00f3 su llegada al Gran Mendoza durante el \u00faltimo tramo del proceso vendimial.<em><strong> \u201cLlegu\u00e9 hace poco m\u00e1s de un mes al Gran Mendoza con un sue\u00f1o y una ilusi\u00f3n que, por momentos, ve\u00eda muy lejana. Pero cada palabra de cari\u00f1o, cada saludo en la calle cuando iba caminando, me fue acercando un poquito m\u00e1s a ese sue\u00f1o\u201d<\/strong><\/em>.<\/p>\n<p>Asimismo, dedic\u00f3 palabras de agradecimiento a su entorno m\u00e1s cercano.<em><strong> \u201cGracias a mi familia, por educarme y por ense\u00f1arme el valor del trabajo, un trabajo que voy a llevar adelante durante este a\u00f1o con mucho compromiso. Gracias tambi\u00e9n al municipio, por supuesto\u201d.<\/strong><\/em><\/p>\n<p><a href=\"https:\/\/vinasfm.com\/noticias\/wp-content\/uploads\/2026\/03\/Serenata-Reinas-2026-32-1200x800-1.jpeg\"><img loading=\"lazy\" decoding=\"async\" class=\"wp-image-158323 aligncenter\" src=\"https:\/\/vinasfm.com\/noticias\/wp-content\/uploads\/2026\/03\/Serenata-Reinas-2026-32-1200x800-1-1024x683.jpeg\" alt=\"\" width=\"620\" height=\"413\" srcset=\"https:\/\/vinasfm.com\/noticias\/wp-content\/uploads\/2026\/03\/Serenata-Reinas-2026-32-1200x800-1-1024x683.jpeg 1024w, https:\/\/vinasfm.com\/noticias\/wp-content\/uploads\/2026\/03\/Serenata-Reinas-2026-32-1200x800-1-300x200.jpeg 300w, https:\/\/vinasfm.com\/noticias\/wp-content\/uploads\/2026\/03\/Serenata-Reinas-2026-32-1200x800-1-768x512.jpeg 768w, https:\/\/vinasfm.com\/noticias\/wp-content\/uploads\/2026\/03\/Serenata-Reinas-2026-32-1200x800-1.jpeg 1200w\" sizes=\"auto, (max-width: 620px) 100vw, 620px\" \/><\/a><\/p>\n<p>Luego, la virreina nacional de la Vendimia 2026,<span style=\"color: #003366;\"><strong> Agustina Giacomelli<\/strong><\/span>, manifest\u00f3 su emoci\u00f3n por el acompa\u00f1amiento recibido. <em><strong>\u201cBuenas noches a todos. Primero que nada, gracias por acompa\u00f1arnos un ratito m\u00e1s. Estoy muy feliz y profundamente agradecida con mi familia y con mis amigos, que me han acompa\u00f1ado en cada paso que di durante todo este camino\u201d<\/strong><\/em>.<\/p>\n<p>Tambi\u00e9n agradeci\u00f3 el apoyo institucional de su departamento.<em><strong> \u201cQuiero agradecer al intendente, a Emir, y a todo el equipo de la Municipalidad de Tunuy\u00e1n, que me han acompa\u00f1ado de una manera incre\u00edble y me han cuidado mucho. Nada de esto ser\u00eda posible sin todo el equipo que tenemos detr\u00e1s\u201d<\/strong><\/em>.\u00a0Adem\u00e1s, valor\u00f3 la confianza de los mendocinos. <em><strong>\u201cQuiero agradecerles a todos por confiar en nosotras y por darnos el honor de poder representarlos\u201d.<\/strong><\/em><\/p>\n<p>Por \u00faltimo, felicit\u00f3 a la nueva Reina Nacional. <em><strong>\u201cY, por supuesto, felicitar tambi\u00e9n a mi compa\u00f1era Azul y a todo San Rafael. S\u00e9 que vamos a tener un gran a\u00f1o juntas\u201d.<\/strong><\/em><\/p>\n<p><a href=\"https:\/\/vinasfm.com\/noticias\/wp-content\/uploads\/2026\/03\/Serenata-Reinas-2026-31-1200x923-1.jpeg\"><img loading=\"lazy\" decoding=\"async\" class=\"wp-image-158324 aligncenter\" src=\"https:\/\/vinasfm.com\/noticias\/wp-content\/uploads\/2026\/03\/Serenata-Reinas-2026-31-1200x923-1-1024x788.jpeg\" alt=\"\" width=\"620\" height=\"477\" srcset=\"https:\/\/vinasfm.com\/noticias\/wp-content\/uploads\/2026\/03\/Serenata-Reinas-2026-31-1200x923-1-1024x788.jpeg 1024w, https:\/\/vinasfm.com\/noticias\/wp-content\/uploads\/2026\/03\/Serenata-Reinas-2026-31-1200x923-1-300x231.jpeg 300w, https:\/\/vinasfm.com\/noticias\/wp-content\/uploads\/2026\/03\/Serenata-Reinas-2026-31-1200x923-1-768x591.jpeg 768w, https:\/\/vinasfm.com\/noticias\/wp-content\/uploads\/2026\/03\/Serenata-Reinas-2026-31-1200x923-1.jpeg 1200w\" sizes=\"auto, (max-width: 620px) 100vw, 620px\" \/><\/a><\/p>\n<p>De esta manera, las soberanas nacionales, coronadas en el 90\u00ba aniversario de la fiesta m\u00e1xima de los mendocinos, tuvieron su primer acto oficial como Reina y Virreina Nacional de la Vendimia.<\/p>\n<p>As\u00ed, la Serenata de las Reinas marc\u00f3 el primer acto p\u00fablico de las soberanas nacionales, que fueron recibidas con m\u00fasica, aplausos y el acompa\u00f1amiento de mendocinos y visitantes que celebraron juntos el inicio de su reinado.<em> \u201c90 cosechas de una misma cepa\u201d<\/em> coron\u00f3 a sus representantes y contin\u00faa el legado de tradici\u00f3n y cultura de Mendoza.<\/p>\n","protected":false},"excerpt":{"rendered":"<p>Tras la coronaci\u00f3n en el Teatro Griego Frank Romero Day, la reina Nacional de la Vendimia, Azul Antol\u00ednez, y la virreina &#8230;<\/p>\n","protected":false},"author":7,"featured_media":158325,"comment_status":"open","ping_status":"open","sticky":false,"template":"","format":"standard","meta":{"footnotes":""},"categories":[19,25],"tags":[],"class_list":["post-158321","post","type-post","status-publish","format-standard","has-post-thumbnail","hentry","category-cultura","category-vendimia"],"_links":{"self":[{"href":"https:\/\/vinasfm.com\/noticias\/wp-json\/wp\/v2\/posts\/158321","targetHints":{"allow":["GET"]}}],"collection":[{"href":"https:\/\/vinasfm.com\/noticias\/wp-json\/wp\/v2\/posts"}],"about":[{"href":"https:\/\/vinasfm.com\/noticias\/wp-json\/wp\/v2\/types\/post"}],"author":[{"embeddable":true,"href":"https:\/\/vinasfm.com\/noticias\/wp-json\/wp\/v2\/users\/7"}],"replies":[{"embeddable":true,"href":"https:\/\/vinasfm.com\/noticias\/wp-json\/wp\/v2\/comments?post=158321"}],"version-history":[{"count":1,"href":"https:\/\/vinasfm.com\/noticias\/wp-json\/wp\/v2\/posts\/158321\/revisions"}],"predecessor-version":[{"id":158327,"href":"https:\/\/vinasfm.com\/noticias\/wp-json\/wp\/v2\/posts\/158321\/revisions\/158327"}],"wp:featuredmedia":[{"embeddable":true,"href":"https:\/\/vinasfm.com\/noticias\/wp-json\/wp\/v2\/media\/158325"}],"wp:attachment":[{"href":"https:\/\/vinasfm.com\/noticias\/wp-json\/wp\/v2\/media?parent=158321"}],"wp:term":[{"taxonomy":"category","embeddable":true,"href":"https:\/\/vinasfm.com\/noticias\/wp-json\/wp\/v2\/categories?post=158321"},{"taxonomy":"post_tag","embeddable":true,"href":"https:\/\/vinasfm.com\/noticias\/wp-json\/wp\/v2\/tags?post=158321"}],"curies":[{"name":"wp","href":"https:\/\/api.w.org\/{rel}","templated":true}]}}