{"id":158299,"date":"2026-03-06T22:05:07","date_gmt":"2026-03-07T01:05:07","guid":{"rendered":"https:\/\/vinasfm.com\/noticias\/?p=158299"},"modified":"2026-03-09T10:25:42","modified_gmt":"2026-03-09T13:25:42","slug":"dos-hombres-ingresaron-con-lesiones-al-hospital-enfermeros-argentinos","status":"publish","type":"post","link":"https:\/\/vinasfm.com\/noticias\/dos-hombres-ingresaron-con-lesiones-al-hospital-enfermeros-argentinos\/","title":{"rendered":"UNA PERSONA RESULT\u00d3 HOSPITALIZADA TRAS UNA PELEA CALLEJERA"},"content":{"rendered":"<h4><strong>El Hospital Enfermeros Argentinos inform\u00f3 que durante la jornada del viernes ingresaron al servicio de guardia dos pacientes masculinos con diferentes lesiones, cuyas circunstancias a\u00fan se encuentran en proceso de esclarecimiento.<\/strong><\/h4>\n<p>Seg\u00fan detallaron desde el nosocomio, e<strong>l primer paciente present\u00f3 un traumatismo leve en una mano.<\/strong> Tras ser evaluado por el equipo m\u00e9dico recibi\u00f3 la atenci\u00f3n correspondiente y posteriormente obtuvo el alta m\u00e9dica.<\/p>\n<p>En tanto, <strong>el segundo paciente ingres\u00f3 con un traumatismo enc\u00e9falo craneano (TEC) acompa\u00f1ado de p\u00e9rdida de conocimiento.<\/strong> Ante esta situaci\u00f3n, el personal de salud realiz\u00f3 los estudios pertinentes, entre ellos una tomograf\u00eda axial computada (TAC), con el objetivo de evaluar su estado cl\u00ednico.<\/p>\n<p>Actualmente, <strong>el paciente se encuentra recuperado y permanece en observaci\u00f3n para control evolutivo, mientras contin\u00faa bajo seguimiento del equipo m\u00e9dico.<\/strong><\/p>\n<p>Desde el Hospital indicaron que ambos pacientes fueron asistidos conforme a los protocolos m\u00e9dicos establecidos y que se mantiene el monitoreo cl\u00ednico del paciente que contin\u00faa internado en observaci\u00f3n.<\/p>\n","protected":false},"excerpt":{"rendered":"<p>El Hospital Enfermeros Argentinos inform\u00f3 que durante la jornada del viernes ingresaron al servicio de guardia dos pacientes masculinos con diferentes &#8230;<\/p>\n","protected":false},"author":7,"featured_media":135432,"comment_status":"open","ping_status":"open","sticky":false,"template":"","format":"standard","meta":{"footnotes":""},"categories":[10,4],"tags":[],"class_list":["post-158299","post","type-post","status-publish","format-standard","has-post-thumbnail","hentry","category-destacadas","category-policiales"],"_links":{"self":[{"href":"https:\/\/vinasfm.com\/noticias\/wp-json\/wp\/v2\/posts\/158299","targetHints":{"allow":["GET"]}}],"collection":[{"href":"https:\/\/vinasfm.com\/noticias\/wp-json\/wp\/v2\/posts"}],"about":[{"href":"https:\/\/vinasfm.com\/noticias\/wp-json\/wp\/v2\/types\/post"}],"author":[{"embeddable":true,"href":"https:\/\/vinasfm.com\/noticias\/wp-json\/wp\/v2\/users\/7"}],"replies":[{"embeddable":true,"href":"https:\/\/vinasfm.com\/noticias\/wp-json\/wp\/v2\/comments?post=158299"}],"version-history":[{"count":3,"href":"https:\/\/vinasfm.com\/noticias\/wp-json\/wp\/v2\/posts\/158299\/revisions"}],"predecessor-version":[{"id":158309,"href":"https:\/\/vinasfm.com\/noticias\/wp-json\/wp\/v2\/posts\/158299\/revisions\/158309"}],"wp:featuredmedia":[{"embeddable":true,"href":"https:\/\/vinasfm.com\/noticias\/wp-json\/wp\/v2\/media\/135432"}],"wp:attachment":[{"href":"https:\/\/vinasfm.com\/noticias\/wp-json\/wp\/v2\/media?parent=158299"}],"wp:term":[{"taxonomy":"category","embeddable":true,"href":"https:\/\/vinasfm.com\/noticias\/wp-json\/wp\/v2\/categories?post=158299"},{"taxonomy":"post_tag","embeddable":true,"href":"https:\/\/vinasfm.com\/noticias\/wp-json\/wp\/v2\/tags?post=158299"}],"curies":[{"name":"wp","href":"https:\/\/api.w.org\/{rel}","templated":true}]}}