{"id":158280,"date":"2026-03-07T09:46:14","date_gmt":"2026-03-07T12:46:14","guid":{"rendered":"https:\/\/vinasfm.com\/noticias\/?p=158280"},"modified":"2026-03-09T10:25:23","modified_gmt":"2026-03-09T13:25:23","slug":"jornada-tecnica-abordo-el-uso-de-drones-en-la-agricultura","status":"publish","type":"post","link":"https:\/\/vinasfm.com\/noticias\/jornada-tecnica-abordo-el-uso-de-drones-en-la-agricultura\/","title":{"rendered":"JORNADA T\u00c9CNICA ABORD\u00d3 EL USO DE DRONES EN LA AGRICULTURA"},"content":{"rendered":"<h4><strong>Productores del departamento participaron de una jornada t\u00e9cnica destinada a conocer aplicaciones de drones en tareas agr\u00edcolas, una herramienta que busca optimizar tiempos de trabajo y mejorar la eficiencia en los cultivos.<\/strong><\/h4>\n<p>El <em>secretario de Desarrollo y Promoci\u00f3n Departamental<\/em>,<span style=\"color: #003366;\"><strong> Hugo Molina<\/strong><\/span>, explic\u00f3 que desde el \u00e1rea se viene trabajando en la incorporaci\u00f3n de nuevas tecnolog\u00edas vinculadas a la producci\u00f3n. <em><strong>\u201cDesde la Secretar\u00eda decidimos trabajar en todo aquello que tenga que ver con la innovaci\u00f3n y las \u00faltimas t\u00e9cnicas, orientando a Alvear para avanzar hacia un esquema de horticultura\u201d<\/strong><\/em>, se\u00f1al\u00f3.<\/p>\n<p>En ese sentido, indic\u00f3 que el proceso incluye distintas etapas de desarrollo y capacitaci\u00f3n para los productores. <em><strong>\u201cEste proyecto lleva a\u00f1os como toda etapa de desarrollo y ahora estamos en instancias de seleccionar productores para que se vayan especializando\u201d<\/strong><\/em>, afirm\u00f3.<\/p>\n<p>Durante la jornada se realiz\u00f3 una demostraci\u00f3n del uso de drones para pulverizaci\u00f3n, siembra y fertilizaci\u00f3n. Estas herramientas aportan ventajas operativas y econ\u00f3micas.<\/p>\n<p>Por su parte,<span style=\"color: #003366;\"><strong> Jorge Vila<\/strong><\/span>, representante de la empresa <strong>Vant Drones Agr\u00edcolas<\/strong>, remarc\u00f3 que la tecnolog\u00eda est\u00e1 cada vez m\u00e1s disponible para distintos tipos de productores. <em><strong>\u201cEstas est\u00e1n al alcance del productor chico, mediano y grande. Hemos logrado un equilibrio en los costos y el resultado es muy bueno porque reduce gastos en insumos y mejora la rapidez del trabajo\u201d<\/strong><\/em>, sostuvo.<\/p>\n<p>Actualmente los drones se utilizan principalmente para tratamientos en vi\u00f1edos, tomate y pasturas, adem\u00e1s de aplicaciones de fertilizantes s\u00f3lidos y tareas de siembra.<\/p>\n<p>El productor <strong><span style=\"color: #003366;\">Mauricio Cargnelutti<\/span> <\/strong>comparti\u00f3 su experiencia tras implementar esta herramienta en su finca.<em><strong> \u201cHace un mes hicimos aplicaciones en tomate y mel\u00f3n, y los resultados han sido muy buenos. La eficiencia y el tiempo que se ahorra es notable\u201d<\/strong><\/em>, se\u00f1al\u00f3.<\/p>\n<p>De esta manera, la jornada permiti\u00f3 acercar herramientas tecnol\u00f3gicas al sector productivo local, promoviendo alternativas que apuntan a mejorar la eficiencia de las labores agr\u00edcolas y acompa\u00f1ar a los productores en la incorporaci\u00f3n de nuevas pr\u00e1cticas de trabajo.<\/p>\n","protected":false},"excerpt":{"rendered":"<p>Productores del departamento participaron de una jornada t\u00e9cnica destinada a conocer aplicaciones de drones en tareas agr\u00edcolas, una herramienta que busca &#8230;<\/p>\n","protected":false},"author":7,"featured_media":158281,"comment_status":"open","ping_status":"open","sticky":false,"template":"","format":"standard","meta":{"footnotes":""},"categories":[14,10],"tags":[],"class_list":["post-158280","post","type-post","status-publish","format-standard","has-post-thumbnail","hentry","category-agro","category-destacadas"],"_links":{"self":[{"href":"https:\/\/vinasfm.com\/noticias\/wp-json\/wp\/v2\/posts\/158280","targetHints":{"allow":["GET"]}}],"collection":[{"href":"https:\/\/vinasfm.com\/noticias\/wp-json\/wp\/v2\/posts"}],"about":[{"href":"https:\/\/vinasfm.com\/noticias\/wp-json\/wp\/v2\/types\/post"}],"author":[{"embeddable":true,"href":"https:\/\/vinasfm.com\/noticias\/wp-json\/wp\/v2\/users\/7"}],"replies":[{"embeddable":true,"href":"https:\/\/vinasfm.com\/noticias\/wp-json\/wp\/v2\/comments?post=158280"}],"version-history":[{"count":2,"href":"https:\/\/vinasfm.com\/noticias\/wp-json\/wp\/v2\/posts\/158280\/revisions"}],"predecessor-version":[{"id":158287,"href":"https:\/\/vinasfm.com\/noticias\/wp-json\/wp\/v2\/posts\/158280\/revisions\/158287"}],"wp:featuredmedia":[{"embeddable":true,"href":"https:\/\/vinasfm.com\/noticias\/wp-json\/wp\/v2\/media\/158281"}],"wp:attachment":[{"href":"https:\/\/vinasfm.com\/noticias\/wp-json\/wp\/v2\/media?parent=158280"}],"wp:term":[{"taxonomy":"category","embeddable":true,"href":"https:\/\/vinasfm.com\/noticias\/wp-json\/wp\/v2\/categories?post=158280"},{"taxonomy":"post_tag","embeddable":true,"href":"https:\/\/vinasfm.com\/noticias\/wp-json\/wp\/v2\/tags?post=158280"}],"curies":[{"name":"wp","href":"https:\/\/api.w.org\/{rel}","templated":true}]}}