{"id":158238,"date":"2026-03-05T10:05:30","date_gmt":"2026-03-05T13:05:30","guid":{"rendered":"https:\/\/vinasfm.com\/noticias\/?p=158238"},"modified":"2026-03-06T09:59:12","modified_gmt":"2026-03-06T12:59:12","slug":"la-parroquia-sagrado-corazon-de-jesus-realiza-obras-en-el-templo-y-organiza-un-arroz-con-pollo-solidario","status":"publish","type":"post","link":"https:\/\/vinasfm.com\/noticias\/la-parroquia-sagrado-corazon-de-jesus-realiza-obras-en-el-templo-y-organiza-un-arroz-con-pollo-solidario\/","title":{"rendered":"LA PARROQUIA SAGRADO CORAZ\u00d3N DE JES\u00daS REALIZA OBRAS EN EL TEMPLO Y ORGANIZA UN ARROZ CON POLLO SOLIDARIO"},"content":{"rendered":"<h4><span style=\"color: #003300;\"><strong>La comunidad de la Parroquia Sagrado Coraz\u00f3n de Jes\u00fas se encuentra llevando adelante importantes trabajos de mantenimiento en el edificio parroquial. As\u00ed lo inform\u00f3 el p\u00e1rroco, el padre Horacio Valdivia, en di\u00e1logo con FM VI\u00d1AS, quien explic\u00f3 que se trata de tareas de impermeabilizaci\u00f3n del techo del templo.<\/strong><\/span><\/h4>\n<p><em><strong>\u201cEstamos haciendo una obra muy importante en nuestro templo parroquial. Es un mantenimiento que hay que realizar cada tres o cuatro a\u00f1os\u201d<\/strong><\/em>, explic\u00f3 el sacerdote. En ese sentido, detall\u00f3 que el edificio cuenta con cerca de <strong>800 metros cuadrados de techo<\/strong>, lo que implica una inversi\u00f3n considerable para la comunidad.<\/p>\n<p>Con el objetivo de recaudar fondos para afrontar estos trabajos, la parroquia organiz\u00f3 para este <strong>domingo 8 de marzo<\/strong> una <strong>venta de arroz con pollo<\/strong>. Las tarjetas tienen un valor de <strong>12.000 pesos<\/strong> y pueden adquirirse principalmente en la <strong>secretar\u00eda parroquial<\/strong>, en horario de <strong>9.30 a 12 horas<\/strong>, y tambi\u00e9n el s\u00e1bado.<\/p>\n<p>Desde la organizaci\u00f3n recomendaron adquirirlas con anticipaci\u00f3n, ya que habr\u00e1 un cupo limitado. Adem\u00e1s, quienes retiren la porci\u00f3n deber\u00e1n llevar un recipiente para poder transportarla.<\/p>\n<p>Por otro lado, el padre Valdivia coment\u00f3 que la parroquia tambi\u00e9n est\u00e1 retomando las actividades pastorales de este nuevo a\u00f1o, con la participaci\u00f3n de distintos grupos de la comunidad como la <strong>Pastoral de la Salud<\/strong>, los <strong>monaguillos<\/strong> y las <strong>Mujeres de Acci\u00f3n Cat\u00f3lica<\/strong>, entre otros espacios dedicados al servicio y acompa\u00f1amiento de los fieles.<\/p>\n<p>Asimismo, extendi\u00f3 una invitaci\u00f3n especial a las familias para el <strong>inicio de la catequesis infantil<\/strong>, que comenzar\u00e1 este <strong>s\u00e1bado 7 de marzo a las 10.30 horas<\/strong> en la parroquia. La propuesta est\u00e1 destinada a ni\u00f1os <strong>a partir de tercer grado<\/strong>, quienes podr\u00e1n inscribirse ese mismo d\u00eda y participar de la primera jornada.<\/p>\n<p><em><strong>\u201cQueremos invitar especialmente a los padres y a las madres para que traigan a sus hijos. Ser\u00e1 un espacio muy lindo para que los ni\u00f1os y las familias puedan conocer a Jes\u00fas y aprender su mensaje de amor, perd\u00f3n y misericordia\u201d<\/strong><\/em>, expres\u00f3 el sacerdote.<\/p>\n<p>De esta manera, la parroquia contin\u00faa impulsando actividades religiosas, comunitarias y solidarias, invitando a toda la comunidad a participar y colaborar con el mantenimiento del hist\u00f3rico templo.<\/p>\n","protected":false},"excerpt":{"rendered":"<p>La comunidad de la Parroquia Sagrado Coraz\u00f3n de Jes\u00fas se encuentra llevando adelante importantes trabajos de mantenimiento en el edificio parroquial. &#8230;<\/p>\n","protected":false},"author":7,"featured_media":158239,"comment_status":"open","ping_status":"open","sticky":false,"template":"","format":"standard","meta":{"footnotes":""},"categories":[63,11],"tags":[],"class_list":["post-158238","post","type-post","status-publish","format-standard","has-post-thumbnail","hentry","category-iglesia","category-sociales"],"_links":{"self":[{"href":"https:\/\/vinasfm.com\/noticias\/wp-json\/wp\/v2\/posts\/158238","targetHints":{"allow":["GET"]}}],"collection":[{"href":"https:\/\/vinasfm.com\/noticias\/wp-json\/wp\/v2\/posts"}],"about":[{"href":"https:\/\/vinasfm.com\/noticias\/wp-json\/wp\/v2\/types\/post"}],"author":[{"embeddable":true,"href":"https:\/\/vinasfm.com\/noticias\/wp-json\/wp\/v2\/users\/7"}],"replies":[{"embeddable":true,"href":"https:\/\/vinasfm.com\/noticias\/wp-json\/wp\/v2\/comments?post=158238"}],"version-history":[{"count":1,"href":"https:\/\/vinasfm.com\/noticias\/wp-json\/wp\/v2\/posts\/158238\/revisions"}],"predecessor-version":[{"id":158240,"href":"https:\/\/vinasfm.com\/noticias\/wp-json\/wp\/v2\/posts\/158238\/revisions\/158240"}],"wp:featuredmedia":[{"embeddable":true,"href":"https:\/\/vinasfm.com\/noticias\/wp-json\/wp\/v2\/media\/158239"}],"wp:attachment":[{"href":"https:\/\/vinasfm.com\/noticias\/wp-json\/wp\/v2\/media?parent=158238"}],"wp:term":[{"taxonomy":"category","embeddable":true,"href":"https:\/\/vinasfm.com\/noticias\/wp-json\/wp\/v2\/categories?post=158238"},{"taxonomy":"post_tag","embeddable":true,"href":"https:\/\/vinasfm.com\/noticias\/wp-json\/wp\/v2\/tags?post=158238"}],"curies":[{"name":"wp","href":"https:\/\/api.w.org\/{rel}","templated":true}]}}