{"id":158231,"date":"2026-03-05T08:49:56","date_gmt":"2026-03-05T11:49:56","guid":{"rendered":"https:\/\/vinasfm.com\/noticias\/?p=158231"},"modified":"2026-03-06T09:59:48","modified_gmt":"2026-03-06T12:59:48","slug":"el-festival-del-alamo-tendra-su-21-edicion-el-proximo-21-de-marzo","status":"publish","type":"post","link":"https:\/\/vinasfm.com\/noticias\/el-festival-del-alamo-tendra-su-21-edicion-el-proximo-21-de-marzo\/","title":{"rendered":"EL FESTIVAL DEL \u00c1LAMO TENDR\u00c1 SU 21\u00b0 EDICI\u00d3N EL PR\u00d3XIMO 21 DE MARZO"},"content":{"rendered":"<h4><span style=\"color: #003300;\"><strong>En conferencia de prensa se realiz\u00f3 el lanzamiento oficial de la 21\u00b0 edici\u00f3n del Festival del \u00c1lamo, que tendr\u00e1 lugar el s\u00e1bado 21 de marzo en el predio del Club Col\u00f3n. El evento, uno de los m\u00e1s tradicionales del departamento, buscar\u00e1 nuevamente reunir a la comunidad en una noche de m\u00fasica, gastronom\u00eda y actividades para toda la familia.<\/strong><\/span><\/h4>\n<p>El presidente del club, <span style=\"color: #003300;\"><strong>Gustavo Gim\u00e9nez<\/strong>,<\/span> expres\u00f3 su satisfacci\u00f3n por poder confirmar una nueva edici\u00f3n del festival luego de meses de trabajo.<strong><em> \u201cEstamos muy contentos porque despu\u00e9s de tanto esfuerzo podemos confirmar la vig\u00e9sima primera edici\u00f3n. Seguimos avanzando en la recuperaci\u00f3n de un festival tan tradicional para el club y para los alvearenses\u201d<\/em><\/strong>, se\u00f1al\u00f3.<\/p>\n<p>El dirigente tambi\u00e9n destac\u00f3 que quienes asistan podr\u00e1n observar avances en la infraestructura del predio. Entre ellos, mencion\u00f3 la ampliaci\u00f3n del play\u00f3n polideportivo, una obra que se encuentra pr\u00e1cticamente finalizada y que forma parte del proceso de recuperaci\u00f3n y crecimiento de la instituci\u00f3n.<\/p>\n<p>Como novedad, esta edici\u00f3n sumar\u00e1 la <strong>\u201ctarde del festival\u201d<\/strong>, que comenzar\u00e1 alrededor de las <strong>19 horas<\/strong>, con la participaci\u00f3n de artistas locales y actividades recreativas para ni\u00f1os. <strong>La propuesta apunta a que las familias puedan llegar m\u00e1s temprano, disfrutar del predio y asegurar su lugar antes del inicio del espect\u00e1culo principal.<\/strong><\/p>\n<p>La programaci\u00f3n central del festival comenzar\u00e1 cerca de las <strong>21 horas<\/strong>, con una grilla que incluir\u00e1 conjuntos locales y regionales. Adem\u00e1s, la organizaci\u00f3n adelant\u00f3 que en los pr\u00f3ximos d\u00edas se confirmar\u00e1n m\u00e1s artistas y propuestas culturales a trav\u00e9s de las redes sociales del club y los medios de comunicaci\u00f3n.<\/p>\n<p>En cuanto al ingreso, Gim\u00e9nez inform\u00f3 que la <strong>entrada anticipada tendr\u00e1 un valor de 10.000 pesos<\/strong>, buscando que el costo sea accesible para el p\u00fablico. Este a\u00f1o, debido a los tiempos de organizaci\u00f3n y los elevados costos, se decidi\u00f3 no realizar la tradicional rifa.<\/p>\n<p>Por su parte, la <em>directora de Cultura del municipio<\/em>, <span style=\"color: #003366;\"><strong>Mar\u00eda Delia Achetoni<\/strong><\/span>, destac\u00f3 el acompa\u00f1amiento de la comuna y del Gobierno de Mendoza para fortalecer este tipo de eventos culturales.<\/p>\n<p><em><strong>\u201cDesde el municipio venimos apoyando los diferentes festivales del departamento y el Festival del \u00c1lamo es uno de los m\u00e1s importantes. Estamos trabajando en conjunto con la Subsecretar\u00eda de Cultura de Mendoza para traer artistas que jerarquicen la propuesta\u201d<\/strong><\/em>, explic\u00f3.<\/p>\n<p>Achetoni remarc\u00f3 adem\u00e1s que la recuperaci\u00f3n de estos encuentros culturales forma parte de una pol\u00edtica impulsada por el intendente <strong>Alejandro Molero<\/strong>, que busca revalorizar festivales hist\u00f3ricos del departamento, como el Festival del \u00c1lamo y el Festival de la Ciruela.<\/p>\n<p>De esta manera, General Alvear se prepara para vivir una nueva edici\u00f3n de una celebraci\u00f3n que combina tradici\u00f3n, m\u00fasica y encuentro comunitario.<\/p>\n","protected":false},"excerpt":{"rendered":"<p>En conferencia de prensa se realiz\u00f3 el lanzamiento oficial de la 21\u00b0 edici\u00f3n del Festival del \u00c1lamo, que tendr\u00e1 lugar el &#8230;<\/p>\n","protected":false},"author":7,"featured_media":158233,"comment_status":"open","ping_status":"open","sticky":false,"template":"","format":"standard","meta":{"footnotes":""},"categories":[19,11],"tags":[],"class_list":["post-158231","post","type-post","status-publish","format-standard","has-post-thumbnail","hentry","category-cultura","category-sociales"],"_links":{"self":[{"href":"https:\/\/vinasfm.com\/noticias\/wp-json\/wp\/v2\/posts\/158231","targetHints":{"allow":["GET"]}}],"collection":[{"href":"https:\/\/vinasfm.com\/noticias\/wp-json\/wp\/v2\/posts"}],"about":[{"href":"https:\/\/vinasfm.com\/noticias\/wp-json\/wp\/v2\/types\/post"}],"author":[{"embeddable":true,"href":"https:\/\/vinasfm.com\/noticias\/wp-json\/wp\/v2\/users\/7"}],"replies":[{"embeddable":true,"href":"https:\/\/vinasfm.com\/noticias\/wp-json\/wp\/v2\/comments?post=158231"}],"version-history":[{"count":2,"href":"https:\/\/vinasfm.com\/noticias\/wp-json\/wp\/v2\/posts\/158231\/revisions"}],"predecessor-version":[{"id":158234,"href":"https:\/\/vinasfm.com\/noticias\/wp-json\/wp\/v2\/posts\/158231\/revisions\/158234"}],"wp:featuredmedia":[{"embeddable":true,"href":"https:\/\/vinasfm.com\/noticias\/wp-json\/wp\/v2\/media\/158233"}],"wp:attachment":[{"href":"https:\/\/vinasfm.com\/noticias\/wp-json\/wp\/v2\/media?parent=158231"}],"wp:term":[{"taxonomy":"category","embeddable":true,"href":"https:\/\/vinasfm.com\/noticias\/wp-json\/wp\/v2\/categories?post=158231"},{"taxonomy":"post_tag","embeddable":true,"href":"https:\/\/vinasfm.com\/noticias\/wp-json\/wp\/v2\/tags?post=158231"}],"curies":[{"name":"wp","href":"https:\/\/api.w.org\/{rel}","templated":true}]}}