{"id":158210,"date":"2026-03-04T10:35:45","date_gmt":"2026-03-04T13:35:45","guid":{"rendered":"https:\/\/vinasfm.com\/noticias\/?p=158210"},"modified":"2026-03-05T10:18:05","modified_gmt":"2026-03-05T13:18:05","slug":"ultiman-detalles-para-la-fiesta-provincial-del-puestero-mendocino-en-soitue-sur","status":"publish","type":"post","link":"https:\/\/vinasfm.com\/noticias\/ultiman-detalles-para-la-fiesta-provincial-del-puestero-mendocino-en-soitue-sur\/","title":{"rendered":"ULTIMAN DETALLES PARA LA FIESTA PROVINCIAL DEL PUESTERO MENDOCINO EN SOITU\u00c9 SUR"},"content":{"rendered":"<h4>A pocos d\u00edas de una nueva edici\u00f3n de la Fiesta Provincial del Puestero Mendocino, desde la organizaci\u00f3n confirmaron que ya se encuentran ultimando los preparativos para recibir al p\u00fablico el pr\u00f3ximo 14 y 15 de marzo en el establecimiento ubicado en el Cerro de los Chanchos, en Soitu\u00e9 Sur.<\/h4>\n<p>En di\u00e1logo con FM Vi\u00f1as, Ram\u00f3n Carabajal, miembro de la organizaci\u00f3n, se\u00f1al\u00f3 que el equipo trabaja intensamente en el predio junto a la familia anfitriona para dejar todo listo. <strong><em>\u201cEstamos haciendo los \u00faltimos trabajitos, ultimando detalles. Esperamos a toda la gente para ese fin de semana\u201d<\/em><\/strong>, expres\u00f3.<\/p>\n<p>Carabajal destac\u00f3 que se trata de una propuesta bien campera y criolla, con la particularidad de que el p\u00fablico podr\u00e1 permanecer en el predio durante todo el fin de semana.<em><strong> \u201cPueden quedarse a hacer noche, levantar una carpita, traer su casilla o camioneta. Incluso se puede hacer fuego para un asado o llevar su propia comida. Eso es lo lindo de venir al campo\u201d<\/strong><\/em>, remarc\u00f3.<\/p>\n<p>Las actividades comenzar\u00e1n el s\u00e1bado 14 a las 09:00 horas con la apertura del campo de trabajo para la segunda fecha del torneo de riendas, clasificatorio a la Fiesta de la Ganader\u00eda. Durante la jornada habr\u00e1 destrezas criollas y propuestas tradicionales.<\/p>\n<p><strong>Por la noche se realizar\u00e1 la pe\u00f1a y baile campero con la participaci\u00f3n de Vendimiadores de Cuyo, Los Caseritos, Mi Tierra D\u00fao, Las Voces del Salitral, Tom\u00e1s Zacar\u00edas, Ke Chamam\u00e9 y Luana Zanabria, adem\u00e1s de La Fuerza de Oro y La Fuerza.<\/strong><\/p>\n<p>El domingo 15 la actividad estar\u00e1 centrada en lo ecuestre. La jornada abrir\u00e1 con la pialada de terneros, seguida del acto protocolar y la jineteada en categor\u00eda grupa sure\u00f1a.<\/p>\n<p>Tras el almuerzo se presentar\u00e1 el reconocido payador Sa\u00fal Huenchul, y por la tarde se desarrollar\u00e1n las montas en basto con encimera y el broche de oro en cuero tendido. Desde la organizaci\u00f3n anticiparon la participaci\u00f3n de tropillas provenientes de San Luis, La Pampa y otros puntos del pa\u00eds.<\/p>\n<p><a href=\"https:\/\/vinasfm.com\/noticias\/wp-content\/uploads\/2026\/03\/IMG-20260304-WA0026.jpg\"><img loading=\"lazy\" decoding=\"async\" class=\"alignnone  wp-image-158209\" src=\"https:\/\/vinasfm.com\/noticias\/wp-content\/uploads\/2026\/03\/IMG-20260304-WA0026-819x1024.jpg\" alt=\"\" width=\"350\" height=\"438\" srcset=\"https:\/\/vinasfm.com\/noticias\/wp-content\/uploads\/2026\/03\/IMG-20260304-WA0026-819x1024.jpg 819w, https:\/\/vinasfm.com\/noticias\/wp-content\/uploads\/2026\/03\/IMG-20260304-WA0026-240x300.jpg 240w, https:\/\/vinasfm.com\/noticias\/wp-content\/uploads\/2026\/03\/IMG-20260304-WA0026-768x960.jpg 768w, https:\/\/vinasfm.com\/noticias\/wp-content\/uploads\/2026\/03\/IMG-20260304-WA0026.jpg 1080w\" sizes=\"auto, (max-width: 350px) 100vw, 350px\" \/><\/a> <a href=\"https:\/\/vinasfm.com\/noticias\/wp-content\/uploads\/2026\/03\/IMG-20260304-WA0023.jpg\"><img loading=\"lazy\" decoding=\"async\" class=\"alignnone  wp-image-158206\" src=\"https:\/\/vinasfm.com\/noticias\/wp-content\/uploads\/2026\/03\/IMG-20260304-WA0023-819x1024.jpg\" alt=\"\" width=\"350\" height=\"438\" srcset=\"https:\/\/vinasfm.com\/noticias\/wp-content\/uploads\/2026\/03\/IMG-20260304-WA0023-819x1024.jpg 819w, https:\/\/vinasfm.com\/noticias\/wp-content\/uploads\/2026\/03\/IMG-20260304-WA0023-240x300.jpg 240w, https:\/\/vinasfm.com\/noticias\/wp-content\/uploads\/2026\/03\/IMG-20260304-WA0023-768x960.jpg 768w, https:\/\/vinasfm.com\/noticias\/wp-content\/uploads\/2026\/03\/IMG-20260304-WA0023.jpg 1080w\" sizes=\"auto, (max-width: 350px) 100vw, 350px\" \/><\/a><\/p>\n<h3>Entradas y puntos de venta<\/h3>\n<p>Las entradas anticipadas para los dos d\u00edas tienen un valor de $25.000 e incluyen el ingreso con conservadora. En taquilla, el pase para ambas jornadas costar\u00e1 $30.000 m\u00e1s $10.000 de conservadora, mientras que la entrada solo para el domingo tendr\u00e1 un valor de $15.000.<\/p>\n<p>Los tickets pueden adquirirse en distintos puntos del sur provincial, entre ellos Salto de las Rosas, Villa Atuel, Real del Padre, Monte Com\u00e1n, Malvinas Sur, Punta del Agua, General Alvear y Colonia L\u00f3pez.<\/p>\n<h3><a href=\"https:\/\/vinasfm.com\/noticias\/wp-content\/uploads\/2026\/03\/IMG-20260304-WA0025.jpg\"><img loading=\"lazy\" decoding=\"async\" class=\"wp-image-158208 aligncenter\" src=\"https:\/\/vinasfm.com\/noticias\/wp-content\/uploads\/2026\/03\/IMG-20260304-WA0025-819x1024.jpg\" alt=\"\" width=\"400\" height=\"500\" srcset=\"https:\/\/vinasfm.com\/noticias\/wp-content\/uploads\/2026\/03\/IMG-20260304-WA0025-819x1024.jpg 819w, https:\/\/vinasfm.com\/noticias\/wp-content\/uploads\/2026\/03\/IMG-20260304-WA0025-240x300.jpg 240w, https:\/\/vinasfm.com\/noticias\/wp-content\/uploads\/2026\/03\/IMG-20260304-WA0025-768x960.jpg 768w, https:\/\/vinasfm.com\/noticias\/wp-content\/uploads\/2026\/03\/IMG-20260304-WA0025.jpg 1080w\" sizes=\"auto, (max-width: 400px) 100vw, 400px\" \/><\/a><\/h3>\n<p>El predio se ubica sobre la ruta 184, a unos 22 kil\u00f3metros de Soitu\u00e9 y aproximadamente 45 kil\u00f3metros de General Alvear. Seg\u00fan indic\u00f3 Carabajal, el camino est\u00e1 siendo reacondicionado para facilitar el acceso.<\/p>\n<p><em><strong>\u201cLos invitamos a todos a venir a disfrutar de un verdadero d\u00eda de campo, al pie del Cerro Los Chanchos. Es una fiesta para compartir en familia y vivir nuestras tradiciones\u201d<\/strong><\/em>, concluy\u00f3.<\/p>\n","protected":false},"excerpt":{"rendered":"<p>A pocos d\u00edas de una nueva edici\u00f3n de la Fiesta Provincial del Puestero Mendocino, desde la organizaci\u00f3n confirmaron que ya se &#8230;<\/p>\n","protected":false},"author":7,"featured_media":158212,"comment_status":"open","ping_status":"open","sticky":false,"template":"","format":"standard","meta":{"footnotes":""},"categories":[5,10],"tags":[],"class_list":["post-158210","post","type-post","status-publish","format-standard","has-post-thumbnail","hentry","category-actualidad","category-destacadas"],"_links":{"self":[{"href":"https:\/\/vinasfm.com\/noticias\/wp-json\/wp\/v2\/posts\/158210","targetHints":{"allow":["GET"]}}],"collection":[{"href":"https:\/\/vinasfm.com\/noticias\/wp-json\/wp\/v2\/posts"}],"about":[{"href":"https:\/\/vinasfm.com\/noticias\/wp-json\/wp\/v2\/types\/post"}],"author":[{"embeddable":true,"href":"https:\/\/vinasfm.com\/noticias\/wp-json\/wp\/v2\/users\/7"}],"replies":[{"embeddable":true,"href":"https:\/\/vinasfm.com\/noticias\/wp-json\/wp\/v2\/comments?post=158210"}],"version-history":[{"count":2,"href":"https:\/\/vinasfm.com\/noticias\/wp-json\/wp\/v2\/posts\/158210\/revisions"}],"predecessor-version":[{"id":158213,"href":"https:\/\/vinasfm.com\/noticias\/wp-json\/wp\/v2\/posts\/158210\/revisions\/158213"}],"wp:featuredmedia":[{"embeddable":true,"href":"https:\/\/vinasfm.com\/noticias\/wp-json\/wp\/v2\/media\/158212"}],"wp:attachment":[{"href":"https:\/\/vinasfm.com\/noticias\/wp-json\/wp\/v2\/media?parent=158210"}],"wp:term":[{"taxonomy":"category","embeddable":true,"href":"https:\/\/vinasfm.com\/noticias\/wp-json\/wp\/v2\/categories?post=158210"},{"taxonomy":"post_tag","embeddable":true,"href":"https:\/\/vinasfm.com\/noticias\/wp-json\/wp\/v2\/tags?post=158210"}],"curies":[{"name":"wp","href":"https:\/\/api.w.org\/{rel}","templated":true}]}}