{"id":158182,"date":"2026-03-03T10:31:43","date_gmt":"2026-03-03T13:31:43","guid":{"rendered":"https:\/\/vinasfm.com\/noticias\/?p=158182"},"modified":"2026-03-04T08:37:27","modified_gmt":"2026-03-04T11:37:27","slug":"vinolo-confirmo-avances-en-obras-viales-y-la-propuesta-para-ser-el-nuevo-consejero-del-rio-atuel","status":"publish","type":"post","link":"https:\/\/vinasfm.com\/noticias\/vinolo-confirmo-avances-en-obras-viales-y-la-propuesta-para-ser-el-nuevo-consejero-del-rio-atuel\/","title":{"rendered":"VI\u00d1OLO CONFIRM\u00d3 AVANCES EN OBRAS VIALES Y LA PROPUESTA PARA SER EL NUEVO CONSEJERO DEL R\u00cdO ATUEL"},"content":{"rendered":"<h4><span style=\"color: #003300;\"><strong>En di\u00e1logo con FM VI\u00d1AS, el consejero por la zona sur de Vialidad Provincial, Leonardo Vi\u00f1olo, brind\u00f3 detalles sobre el avance de distintas obras de pavimentaci\u00f3n en el sur mendocino y se refiri\u00f3 a la propuesta del gobernador Alfredo Cornejo para que ocupe el cargo de consejero del R\u00edo Atuel.<\/strong><\/span><\/h4>\n<p>Vi\u00f1olo inform\u00f3 que ya se complet\u00f3 el reasfaltado de cuatro kil\u00f3metros comprometidos en calle E, trabajo que se ejecut\u00f3 en dos etapas. Actualmente, l<strong>os equipos se trasladan hacia calle C, donde se prev\u00e9 intervenir al menos entre un kil\u00f3metro y un kil\u00f3metro y medio con material remanente de otras obras.<\/strong> En esta primera instancia, los trabajos se concentrar\u00e1n en el tramo m\u00e1s deteriorado, entre las calles 14 y 16, mientras que el objetivo final es cubrir los nueve kil\u00f3metros totales cuando se consigan nuevos recursos.<\/p>\n<p>El funcionario detall\u00f3 adem\u00e1s el estado de las obras en rutas provinciales. Se\u00f1al\u00f3 que en la Ruta Provincial 171 \u2014desde La Olla hasta Monte Com\u00e1n, y en los tramos Monte Com\u00e1n\u2013\u00d1ancu\u00f1\u00e1n y \u00d1ancu\u00f1\u00e1n\u2013Las Catitas\u2014 se intervienen 189 kil\u00f3metros con distintos niveles de avance: la primera etapa alcanza el 75% y el tramo La Hoya\u2013Montecom\u00e1n se encuentra al 95%, ya con se\u00f1alizaci\u00f3n horizontal completa y carteler\u00eda vertical en colocaci\u00f3n.<\/p>\n<p><a href=\"https:\/\/vinasfm.com\/noticias\/wp-content\/uploads\/2026\/03\/IMG-20260303-WA0096.jpg\"><img loading=\"lazy\" decoding=\"async\" class=\"alignnone  wp-image-158185\" src=\"https:\/\/vinasfm.com\/noticias\/wp-content\/uploads\/2026\/03\/IMG-20260303-WA0096-576x1024.jpg\" alt=\"\" width=\"193\" height=\"343\" srcset=\"https:\/\/vinasfm.com\/noticias\/wp-content\/uploads\/2026\/03\/IMG-20260303-WA0096-576x1024.jpg 576w, https:\/\/vinasfm.com\/noticias\/wp-content\/uploads\/2026\/03\/IMG-20260303-WA0096-169x300.jpg 169w, https:\/\/vinasfm.com\/noticias\/wp-content\/uploads\/2026\/03\/IMG-20260303-WA0096.jpg 720w\" sizes=\"auto, (max-width: 193px) 100vw, 193px\" \/><\/a> <a href=\"https:\/\/vinasfm.com\/noticias\/wp-content\/uploads\/2026\/03\/IMG-20260303-WA0093.jpg\"><img loading=\"lazy\" decoding=\"async\" class=\"alignnone  wp-image-158186\" src=\"https:\/\/vinasfm.com\/noticias\/wp-content\/uploads\/2026\/03\/IMG-20260303-WA0093-461x1024.jpg\" alt=\"\" width=\"154\" height=\"341\" srcset=\"https:\/\/vinasfm.com\/noticias\/wp-content\/uploads\/2026\/03\/IMG-20260303-WA0093-461x1024.jpg 461w, https:\/\/vinasfm.com\/noticias\/wp-content\/uploads\/2026\/03\/IMG-20260303-WA0093-135x300.jpg 135w, https:\/\/vinasfm.com\/noticias\/wp-content\/uploads\/2026\/03\/IMG-20260303-WA0093-691x1536.jpg 691w, https:\/\/vinasfm.com\/noticias\/wp-content\/uploads\/2026\/03\/IMG-20260303-WA0093.jpg 720w\" sizes=\"auto, (max-width: 154px) 100vw, 154px\" \/><\/a><\/p>\n<p>Tambi\u00e9n destac\u00f3 la finalizaci\u00f3n de la Ruta Provincial 177 en Los Claveles, con una extensi\u00f3n de 12,5 kil\u00f3metros, y el avance final de la pavimentaci\u00f3n de la Ruta Provincial 160 que vincula la zona productiva del oasis de San Rafael con Montecom\u00e1n, obra que suma otros 25,5 kil\u00f3metros.<\/p>\n<p>Seg\u00fan remarc\u00f3, durante la actual gesti\u00f3n provincial se est\u00e1n pavimentando 345 kil\u00f3metros en la zona sur, abarcando caminos productivos, tur\u00edsticos y ganaderos.<\/p>\n<h3>Propuesta para Irrigaci\u00f3n<\/h3>\n<p>Consultado sobre la posibilidad de reemplazar a Villegas en Irrigaci\u00f3n, Vi\u00f1olo admiti\u00f3 que la propuesta lo sorprendi\u00f3, aunque se mostr\u00f3 dispuesto a asumir el desaf\u00edo.<em><strong> \u201cMe sorprendi\u00f3 que me tuvieran en cuenta, pero me gustan los desaf\u00edos\u201d<\/strong><\/em>, expres\u00f3.<\/p>\n<p>El actual consejero destac\u00f3 su experiencia de seis a\u00f1os en Vialidad Provincial y su paso por el \u00e1mbito legislativo \u2014como concejal y legislador provincial\u2014, lo que, asegur\u00f3, facilita la articulaci\u00f3n entre organismos, especialmente en temas h\u00eddricos y de infraestructura.<\/p>\n<p>Vi\u00f1olo confirm\u00f3 adem\u00e1s que recibi\u00f3 el llamado personal del gobernador Cornejo y que ya ven\u00edan conversando sobre la posibilidad. <em><strong>\u201cUno est\u00e1 a disposici\u00f3n de ser parte donde lo requiera el Gobierno de la Provincia\u201d<\/strong><\/em>, afirm\u00f3.<\/p>\n<h3>El anuncio del gobernador<\/h3>\n<p>A trav\u00e9s de la red social X, el gobernador Alfredo Cornejo inform\u00f3 que enviar\u00e1 a la Legislatura el pliego de Leonardo Vi\u00f1olo para que sea tratado con el objetivo de designarlo como consejero del R\u00edo Atuel.<\/p>\n<p>El mandatario destac\u00f3 que Vi\u00f1olo es t\u00e9cnico en Producci\u00f3n Agropecuaria y cuenta con experiencia legislativa y en gesti\u00f3n h\u00eddrico-vial, adem\u00e1s de un fuerte conocimiento del sur provincial y del sistema de riego. Seg\u00fan indic\u00f3, su perfil t\u00e9cnico y territorial permitir\u00e1 fortalecer la defensa y administraci\u00f3n de los recursos h\u00eddricos.<\/p>\n<p>La propuesta deber\u00e1 ser analizada por el Senado provincial en el marco del procedimiento institucional correspondiente.<\/p>\n","protected":false},"excerpt":{"rendered":"<p>En di\u00e1logo con FM VI\u00d1AS, el consejero por la zona sur de Vialidad Provincial, Leonardo Vi\u00f1olo, brind\u00f3 detalles sobre el avance &#8230;<\/p>\n","protected":false},"author":7,"featured_media":158184,"comment_status":"open","ping_status":"open","sticky":false,"template":"","format":"standard","meta":{"footnotes":""},"categories":[1],"tags":[],"class_list":["post-158182","post","type-post","status-publish","format-standard","has-post-thumbnail","hentry","category-fmvinas"],"_links":{"self":[{"href":"https:\/\/vinasfm.com\/noticias\/wp-json\/wp\/v2\/posts\/158182","targetHints":{"allow":["GET"]}}],"collection":[{"href":"https:\/\/vinasfm.com\/noticias\/wp-json\/wp\/v2\/posts"}],"about":[{"href":"https:\/\/vinasfm.com\/noticias\/wp-json\/wp\/v2\/types\/post"}],"author":[{"embeddable":true,"href":"https:\/\/vinasfm.com\/noticias\/wp-json\/wp\/v2\/users\/7"}],"replies":[{"embeddable":true,"href":"https:\/\/vinasfm.com\/noticias\/wp-json\/wp\/v2\/comments?post=158182"}],"version-history":[{"count":1,"href":"https:\/\/vinasfm.com\/noticias\/wp-json\/wp\/v2\/posts\/158182\/revisions"}],"predecessor-version":[{"id":158187,"href":"https:\/\/vinasfm.com\/noticias\/wp-json\/wp\/v2\/posts\/158182\/revisions\/158187"}],"wp:featuredmedia":[{"embeddable":true,"href":"https:\/\/vinasfm.com\/noticias\/wp-json\/wp\/v2\/media\/158184"}],"wp:attachment":[{"href":"https:\/\/vinasfm.com\/noticias\/wp-json\/wp\/v2\/media?parent=158182"}],"wp:term":[{"taxonomy":"category","embeddable":true,"href":"https:\/\/vinasfm.com\/noticias\/wp-json\/wp\/v2\/categories?post=158182"},{"taxonomy":"post_tag","embeddable":true,"href":"https:\/\/vinasfm.com\/noticias\/wp-json\/wp\/v2\/tags?post=158182"}],"curies":[{"name":"wp","href":"https:\/\/api.w.org\/{rel}","templated":true}]}}