{"id":158172,"date":"2026-03-03T10:31:43","date_gmt":"2026-03-03T13:31:43","guid":{"rendered":"https:\/\/vinasfm.com\/noticias\/?p=158172"},"modified":"2026-03-04T09:54:20","modified_gmt":"2026-03-04T12:54:20","slug":"este-sera-el-recorrido-de-via-blanca-y-carrusel-2026","status":"publish","type":"post","link":"https:\/\/vinasfm.com\/noticias\/este-sera-el-recorrido-de-via-blanca-y-carrusel-2026\/","title":{"rendered":"ESTE SER\u00c1 EL RECORRIDO DE V\u00cdA BLANCA Y CARRUSEL 2026"},"content":{"rendered":"<h5 class=\"wp-block-heading\">La Subsecretar\u00eda de Cultura de la Provincia comunica el recorrido que realizar\u00e1n los tradicionales desfiles por las calles c\u00e9ntricas de nuestra capital. Participar\u00e1n carros vendimiales, agrupaciones gauchas, murgas y caporales, entre otros.<\/h5>\n<p>El viernes, desde las 21, las calles c\u00e9ntricas se convierten en el escenario de la V\u00eda Blanca de las Reinas, uno de los eventos m\u00e1s esperados del calendario vendimial. Las 18 representantes departamentales desfilar\u00e1n ante el p\u00fablico en carros aleg\u00f3ricos especialmente dise\u00f1ados y ornamentados para destacar la identidad de cada rinc\u00f3n de la provincia.<\/p>\n<p>El recorrido de V\u00eda Blanca comenzar\u00e1 en calle San Mart\u00edn y Jos\u00e9 Vicente Zapata, continuando hacia el norte hasta Las Heras, de all\u00ed se dirigir\u00e1 a calle Chile, doblar\u00e1 hasta Sarmiento y subir\u00e1 hacia el oeste para desconcentrar en calle Belgrano.<\/p>\n<p>Al d\u00eda siguiente, el s\u00e1bado 7 de marzo, desde las 9, la celebraci\u00f3n popular contin\u00faa con el tradicional Carrusel. Adem\u00e1s de las candidatas vendimiales, participan centros tradicionalistas, colectividades, caporales, murgas, reinas invitadas e instituciones que aportan identidad y color a la fiesta. Se trata de una celebraci\u00f3n multitudinaria que expresa el esp\u00edritu participativo de la Vendimia. Al igual que V\u00eda Blanca, el acceso es libre y gratuito.<\/p>\n<p>El Carrusel partir\u00e1 desde los Portones del Parque General San Mart\u00edn, se dirigir\u00e1 hacia el Este por Emilio Civit hasta la Plaza Independencia; all\u00ed doblar\u00e1 hacia el Norte por Chile hasta Las Heras; para continuar por San Mart\u00edn hacia el Sur y al llegar a Col\u00f3n se producir\u00e1 la desconcentraci\u00f3n.<\/p>\n<p><strong>Orden de los carros departamentales 2026<\/strong><\/p>\n<p>1-Guaymall\u00e9n<\/p>\n<p>2-San Rafael<\/p>\n<p>3-Luj\u00e1n de Cuyo<\/p>\n<p>4-Tupungato<\/p>\n<p>5-Godoy Cruz<\/p>\n<p>6-San Mart\u00edn<\/p>\n<p>7-General Alvear<\/p>\n<p>8-La Paz<\/p>\n<p>9-Jun\u00edn<\/p>\n<p>10-Tunuy\u00e1n<\/p>\n<p>11-Ciudad de Mendoza<\/p>\n<p>12-San Carlos<\/p>\n<p>13-Malarg\u00fce<\/p>\n<p>14-Lavalle<\/p>\n<p>15-Las Heras<\/p>\n<p>16-Maip\u00fa<\/p>\n<p>17-Rivadavia<\/p>\n<p>18-Santa Rosa.<\/p>\n","protected":false},"excerpt":{"rendered":"<p>La Subsecretar\u00eda de Cultura de la Provincia comunica el recorrido que realizar\u00e1n los tradicionales desfiles por las calles c\u00e9ntricas de nuestra &#8230;<\/p>\n","protected":false},"author":7,"featured_media":158173,"comment_status":"open","ping_status":"open","sticky":false,"template":"","format":"standard","meta":{"footnotes":""},"categories":[19,25],"tags":[],"class_list":["post-158172","post","type-post","status-publish","format-standard","has-post-thumbnail","hentry","category-cultura","category-vendimia"],"_links":{"self":[{"href":"https:\/\/vinasfm.com\/noticias\/wp-json\/wp\/v2\/posts\/158172","targetHints":{"allow":["GET"]}}],"collection":[{"href":"https:\/\/vinasfm.com\/noticias\/wp-json\/wp\/v2\/posts"}],"about":[{"href":"https:\/\/vinasfm.com\/noticias\/wp-json\/wp\/v2\/types\/post"}],"author":[{"embeddable":true,"href":"https:\/\/vinasfm.com\/noticias\/wp-json\/wp\/v2\/users\/7"}],"replies":[{"embeddable":true,"href":"https:\/\/vinasfm.com\/noticias\/wp-json\/wp\/v2\/comments?post=158172"}],"version-history":[{"count":1,"href":"https:\/\/vinasfm.com\/noticias\/wp-json\/wp\/v2\/posts\/158172\/revisions"}],"predecessor-version":[{"id":158174,"href":"https:\/\/vinasfm.com\/noticias\/wp-json\/wp\/v2\/posts\/158172\/revisions\/158174"}],"wp:featuredmedia":[{"embeddable":true,"href":"https:\/\/vinasfm.com\/noticias\/wp-json\/wp\/v2\/media\/158173"}],"wp:attachment":[{"href":"https:\/\/vinasfm.com\/noticias\/wp-json\/wp\/v2\/media?parent=158172"}],"wp:term":[{"taxonomy":"category","embeddable":true,"href":"https:\/\/vinasfm.com\/noticias\/wp-json\/wp\/v2\/categories?post=158172"},{"taxonomy":"post_tag","embeddable":true,"href":"https:\/\/vinasfm.com\/noticias\/wp-json\/wp\/v2\/tags?post=158172"}],"curies":[{"name":"wp","href":"https:\/\/api.w.org\/{rel}","templated":true}]}}