{"id":158098,"date":"2026-03-02T09:20:02","date_gmt":"2026-03-02T12:20:02","guid":{"rendered":"https:\/\/vinasfm.com\/noticias\/?p=158098"},"modified":"2026-03-02T23:09:49","modified_gmt":"2026-03-03T02:09:49","slug":"presentaron-el-libro-salitral-antologia-de-sangre-y-sombra","status":"publish","type":"post","link":"https:\/\/vinasfm.com\/noticias\/presentaron-el-libro-salitral-antologia-de-sangre-y-sombra\/","title":{"rendered":"PRESENTARON EL LIBRO SALITRAL: ANTOLOG\u00cdA DE SANGRE Y SOMBRA"},"content":{"rendered":"<h4><span style=\"color: #003300;\"><strong>En Casa Salonia se realiz\u00f3 la presentaci\u00f3n de Salitral, Antolog\u00eda de sangre y sombra, el primer libro de cuentos de terror de General Alvear, escrito por 12 autores locales. La actividad tambi\u00e9n marc\u00f3 el cierre del ciclo editorial 2025 y el inicio del Certamen Literario 2026.<\/strong><\/span><\/h4>\n<p>La <em>directora de Cultura<\/em>, <span style=\"color: #003366;\"><strong>Mar\u00eda Delia Achetoni<\/strong><\/span>, expres\u00f3: <strong><em>\u201choy culmina el ciclo de los cuatro libros que en 2025 se propusieron y tambi\u00e9n se inicia la convocatoria del certamen literario para los cuatro libros que vamos a editar en 2026\u201d<\/em><\/strong>. Adem\u00e1s, destac\u00f3:<em><strong> \u201cterminar con un libro con 12 escritores, cada uno con sus cuentos, me da mucho orgullo. Tenemos muchos artistas en el departamento y que tengan la posibilidad de contar con un ejemplar propio es muy importante\u201d.<\/strong><\/em><\/p>\n<p>Sobre la obra, remarc\u00f3:<em><strong> \u201cEs el primer libro de cuentos de terror de General Alvear y lo pueden conseguir a trav\u00e9s de cada uno de los autores\u201d.<\/strong><\/em><\/p>\n<p>En cuanto a la nueva convocatoria, detall\u00f3 que estar\u00e1 abierta del 1 de marzo al 15 de abril e incluir\u00e1 narrativa, infantil y poes\u00eda, entre otros g\u00e9neros. Un jurado seleccionar\u00e1 cuatro trabajos que ser\u00e1n editados por la editorial Nexo. Las consultas se reciben de lunes a viernes en Casa Salonia.<\/p>\n<p>Uno de los escritores participantes,<span style=\"color: #003366;\"><strong> Juan Manuel P\u00e9rez<\/strong><\/span>, coment\u00f3: <em><strong>\u201cnunca hab\u00edamos escrito terror y fue una propuesta diferente\u201d.<\/strong><\/em> Tambi\u00e9n alent\u00f3 a sumarse a la convocatoria: <em><strong>\u201cno hay que tener miedo, si uno escribe es para que lo lean. Hay que participar y fomentar la lectura\u201d.<\/strong><\/em><\/p>\n<p>La presentaci\u00f3n reuni\u00f3 a autores, familiares y p\u00fablico en general, en una jornada dedicada a la producci\u00f3n literaria local y a la promoci\u00f3n de nuevas voces.<\/p>\n<h3>Autores de \u201cSalitral, Antolog\u00eda de sangre y sombra\u201d:<\/h3>\n<ul>\n<li>\u00a0Olivia Kr\u00f6mer<\/li>\n<li>Horacio Guti\u00e9rrez<\/li>\n<li>Leandro De Monte<\/li>\n<li>Ine Z<\/li>\n<li>Guadalupe Escudero<\/li>\n<li>Jeong Predeep<\/li>\n<li>Gabriela Chiapa<\/li>\n<li>Guillermo Sosa<\/li>\n<li>Graciela C\u00f3rdoba<\/li>\n<li>Daniela Freyre<\/li>\n<li>Lautaro Raue Pe\u00f1a<\/li>\n<li>Juanci P\u00e9rez<\/li>\n<\/ul>\n","protected":false},"excerpt":{"rendered":"<p>En Casa Salonia se realiz\u00f3 la presentaci\u00f3n de Salitral, Antolog\u00eda de sangre y sombra, el primer libro de cuentos de terror &#8230;<\/p>\n","protected":false},"author":7,"featured_media":158100,"comment_status":"open","ping_status":"open","sticky":false,"template":"","format":"standard","meta":{"footnotes":""},"categories":[5,19],"tags":[],"class_list":["post-158098","post","type-post","status-publish","format-standard","has-post-thumbnail","hentry","category-actualidad","category-cultura"],"_links":{"self":[{"href":"https:\/\/vinasfm.com\/noticias\/wp-json\/wp\/v2\/posts\/158098","targetHints":{"allow":["GET"]}}],"collection":[{"href":"https:\/\/vinasfm.com\/noticias\/wp-json\/wp\/v2\/posts"}],"about":[{"href":"https:\/\/vinasfm.com\/noticias\/wp-json\/wp\/v2\/types\/post"}],"author":[{"embeddable":true,"href":"https:\/\/vinasfm.com\/noticias\/wp-json\/wp\/v2\/users\/7"}],"replies":[{"embeddable":true,"href":"https:\/\/vinasfm.com\/noticias\/wp-json\/wp\/v2\/comments?post=158098"}],"version-history":[{"count":2,"href":"https:\/\/vinasfm.com\/noticias\/wp-json\/wp\/v2\/posts\/158098\/revisions"}],"predecessor-version":[{"id":158101,"href":"https:\/\/vinasfm.com\/noticias\/wp-json\/wp\/v2\/posts\/158098\/revisions\/158101"}],"wp:featuredmedia":[{"embeddable":true,"href":"https:\/\/vinasfm.com\/noticias\/wp-json\/wp\/v2\/media\/158100"}],"wp:attachment":[{"href":"https:\/\/vinasfm.com\/noticias\/wp-json\/wp\/v2\/media?parent=158098"}],"wp:term":[{"taxonomy":"category","embeddable":true,"href":"https:\/\/vinasfm.com\/noticias\/wp-json\/wp\/v2\/categories?post=158098"},{"taxonomy":"post_tag","embeddable":true,"href":"https:\/\/vinasfm.com\/noticias\/wp-json\/wp\/v2\/tags?post=158098"}],"curies":[{"name":"wp","href":"https:\/\/api.w.org\/{rel}","templated":true}]}}