{"id":158095,"date":"2026-03-02T09:01:44","date_gmt":"2026-03-02T12:01:44","guid":{"rendered":"https:\/\/vinasfm.com\/noticias\/?p=158095"},"modified":"2026-03-02T23:06:16","modified_gmt":"2026-03-03T02:06:16","slug":"el-3-juzgado-de-familia-impulsa-la-busqueda-de-una-familia-para-un-nino-de-12-anos","status":"publish","type":"post","link":"https:\/\/vinasfm.com\/noticias\/el-3-juzgado-de-familia-impulsa-la-busqueda-de-una-familia-para-un-nino-de-12-anos\/","title":{"rendered":"EL 3\u00b0 JUZGADO DE FAMILIA IMPULSA LA B\u00daSQUEDA DE UNA FAMILIA PARA UN NI\u00d1O DE 12 A\u00d1OS"},"content":{"rendered":"<h4><span style=\"color: #003300;\"><strong>El 3\u00b0 Juzgado de Familia de General Alvear, perteneciente a la Segunda Circunscripci\u00f3n Judicial, lanz\u00f3 una convocatoria p\u00fablica con un profundo sentido humano: encontrar una familia adoptiva para un ni\u00f1o de 12 a\u00f1os que desea crecer en un entorno de amor, cuidado y contenci\u00f3n.<\/strong><\/span><\/h4>\n<p>Por razones de protecci\u00f3n de su identidad, lo llamaremos<strong> \u201cS<\/strong>\u201d. <strong>Tiene 12 a\u00f1os y recientemente finaliz\u00f3 5\u00b0 grado.<\/strong> En el presente ciclo lectivo iniciar\u00e1 una nueva etapa escolar en una escuela especial, transitando su proceso educativo con acompa\u00f1amiento profesional y compromiso personal.<\/p>\n<p><strong>\u201cS\u201d es descripto por quienes lo conocen como un ni\u00f1o dulce, afectuoso y colaborador.<\/strong> Participa activamente en las actividades que se le proponen y mantiene un trato cari\u00f1oso con su entorno. <strong>Entre sus intereses se destacan el deporte y el contacto con la naturaleza<\/strong>: asiste a boxeo de lunes a viernes y disfruta de caminatas y paseos al aire libre, espacios que fortalecen su bienestar f\u00edsico y emocional.<\/p>\n<p>Actualmente realiza tratamientos de psicolog\u00eda y psiquiatr\u00eda, fundamentales para su desarrollo integral. Por ello,<strong> la familia que decida asumir el compromiso de su cuidado deber\u00e1 garantizar la continuidad de estos acompa\u00f1amientos y sostener un entorno estable que favorezca la adquisici\u00f3n de nuevas habilidades y el tr\u00e1nsito saludable hacia la adolescencia.<\/strong><\/p>\n<p>El propio \u201cS\u201d<strong> ha manifestado su deseo de formar parte de una familia que lo cuide y lo quiera.<\/strong> Ha expresado tambi\u00e9n que no tendr\u00eda inconveniente en que resida en otra localidad, y que preferir\u00eda un hogar sin otros hijos, donde pueda construir un v\u00ednculo cercano y seguro.<\/p>\n<p><em>La convocatoria est\u00e1 dirigida a personas o familias con roles claros, capaces de brindar afecto de manera demostrativa y comprometidas con acompa\u00f1arlo en cada etapa de su crecimiento. Se trata de ofrecerle no solo un hogar, sino un espacio donde pueda sentirse protegido, valorado y parte.<\/em><\/p>\n<p>Quienes consideren que pueden asumir esta responsabilidad pueden comunicarse al correo electr\u00f3nico <a href=\"mailto:rpamendoza@jus.mendoza.gov.ar\">rpamendoza@jus.mendoza.gov.ar<\/a> o al WhatsApp 2616799541.<\/p>\n<p>Detr\u00e1s de esta convocatoria hay una historia que espera continuar escribi\u00e9ndose. Y, sobre todo, un ni\u00f1o que anhela la oportunidad de crecer en el seno de una familia.<\/p>\n","protected":false},"excerpt":{"rendered":"<p>El 3\u00b0 Juzgado de Familia de General Alvear, perteneciente a la Segunda Circunscripci\u00f3n Judicial, lanz\u00f3 una convocatoria p\u00fablica con un profundo &#8230;<\/p>\n","protected":false},"author":7,"featured_media":158096,"comment_status":"open","ping_status":"open","sticky":false,"template":"","format":"standard","meta":{"footnotes":""},"categories":[5,10],"tags":[],"class_list":["post-158095","post","type-post","status-publish","format-standard","has-post-thumbnail","hentry","category-actualidad","category-destacadas"],"_links":{"self":[{"href":"https:\/\/vinasfm.com\/noticias\/wp-json\/wp\/v2\/posts\/158095","targetHints":{"allow":["GET"]}}],"collection":[{"href":"https:\/\/vinasfm.com\/noticias\/wp-json\/wp\/v2\/posts"}],"about":[{"href":"https:\/\/vinasfm.com\/noticias\/wp-json\/wp\/v2\/types\/post"}],"author":[{"embeddable":true,"href":"https:\/\/vinasfm.com\/noticias\/wp-json\/wp\/v2\/users\/7"}],"replies":[{"embeddable":true,"href":"https:\/\/vinasfm.com\/noticias\/wp-json\/wp\/v2\/comments?post=158095"}],"version-history":[{"count":1,"href":"https:\/\/vinasfm.com\/noticias\/wp-json\/wp\/v2\/posts\/158095\/revisions"}],"predecessor-version":[{"id":158097,"href":"https:\/\/vinasfm.com\/noticias\/wp-json\/wp\/v2\/posts\/158095\/revisions\/158097"}],"wp:featuredmedia":[{"embeddable":true,"href":"https:\/\/vinasfm.com\/noticias\/wp-json\/wp\/v2\/media\/158096"}],"wp:attachment":[{"href":"https:\/\/vinasfm.com\/noticias\/wp-json\/wp\/v2\/media?parent=158095"}],"wp:term":[{"taxonomy":"category","embeddable":true,"href":"https:\/\/vinasfm.com\/noticias\/wp-json\/wp\/v2\/categories?post=158095"},{"taxonomy":"post_tag","embeddable":true,"href":"https:\/\/vinasfm.com\/noticias\/wp-json\/wp\/v2\/tags?post=158095"}],"curies":[{"name":"wp","href":"https:\/\/api.w.org\/{rel}","templated":true}]}}