{"id":158058,"date":"2026-02-28T09:47:04","date_gmt":"2026-02-28T12:47:04","guid":{"rendered":"https:\/\/vinasfm.com\/noticias\/?p=158058"},"modified":"2026-03-02T09:57:57","modified_gmt":"2026-03-02T12:57:57","slug":"bendicion-de-los-frutos-2026-con-el-golpe-de-reja-el-gobernador-cornejo-convoco-a-renovar-la-esperanza-en-el-vino-nuevo","status":"publish","type":"post","link":"https:\/\/vinasfm.com\/noticias\/bendicion-de-los-frutos-2026-con-el-golpe-de-reja-el-gobernador-cornejo-convoco-a-renovar-la-esperanza-en-el-vino-nuevo\/","title":{"rendered":"BENDICI\u00d3N DE LOS FRUTOS 2026: CON EL GOLPE DE REJA, EL GOBERNADOR CORNEJO CONVOC\u00d3 A RENOVAR LA ESPERANZA EN EL VINO NUEVO"},"content":{"rendered":"<h4 class=\"wp-block-heading\"><span style=\"color: #003300;\"><strong>En la celebraci\u00f3n de los 90 a\u00f1os de la fiesta mayor de Mendoza, el Polideportivo Municipal de Villa Tulumaya fue el escenario de la ceremonia tradicional y lit\u00fargica en la que agradecemos por los frutos de la tierra.<\/strong><\/span><\/h4>\n<p>El <span style=\"color: #003366;\"><strong>Gobernador Alfredo Cornejo<\/strong><\/span> lleg\u00f3 al <strong>Predio Verde del Polideportivo Municipal de Lavalle<\/strong> en la noche de hoy para participar en la <em>Bendici\u00f3n de los Frutos<\/em>, la ceremonia que abre el \u00faltimo tramo del calendario vendimial y que este a\u00f1o celebra su 90 aniversario. En el lugar lo recibi\u00f3 el intendente del departamento, <span style=\"color: #003366;\"><strong>Edgardo Gonz\u00e1lez<\/strong><\/span>.<\/p>\n<p>Vecinos de Villa Tulumaya y visitantes de diferentes rincones de la provincia que acompa\u00f1an a su reina de la Vendimia departamental en el camino hacia el trono nacional fueron ocupando el espacio verde cuando ca\u00eda la tarde. A ellos se sumaron visitantes de otras provincias y pa\u00edses, atra\u00eddos por el espect\u00e1culo, y autoridades del Ejecutivo provincial, la Legislatura, municipios, organismos nacionales y credos religiosos.<\/p>\n<p>&nbsp;<\/p>\n<p><a href=\"https:\/\/vinasfm.com\/noticias\/wp-content\/uploads\/2026\/02\/DSC_8751-1280x851-1.jpg\"><img loading=\"lazy\" decoding=\"async\" class=\"alignnone size-large wp-image-158061\" src=\"https:\/\/vinasfm.com\/noticias\/wp-content\/uploads\/2026\/02\/DSC_8751-1280x851-1-1024x681.jpg\" alt=\"\" width=\"1024\" height=\"681\" srcset=\"https:\/\/vinasfm.com\/noticias\/wp-content\/uploads\/2026\/02\/DSC_8751-1280x851-1-1024x681.jpg 1024w, https:\/\/vinasfm.com\/noticias\/wp-content\/uploads\/2026\/02\/DSC_8751-1280x851-1-300x199.jpg 300w, https:\/\/vinasfm.com\/noticias\/wp-content\/uploads\/2026\/02\/DSC_8751-1280x851-1-768x511.jpg 768w, https:\/\/vinasfm.com\/noticias\/wp-content\/uploads\/2026\/02\/DSC_8751-1280x851-1.jpg 1280w\" sizes=\"auto, (max-width: 1024px) 100vw, 1024px\" \/><\/a><\/p>\n<p><strong>Cuando la reina nacional de la Vendimia 2025, Alejandrina Funes Napoletano, y la virreina, Sof\u00eda Perfumo, tomaron su lugar en el escenario, ingresaron las candidatas al reinado 2026 y comenz\u00f3 el espect\u00e1culo.<\/strong><\/p>\n<p>Con textos y direcci\u00f3n de<span style=\"color: #003366;\"><strong> Alicia Casares<\/strong><\/span>,\u00a0<em>La mesa del vino compartido\u00a0<\/em>relat\u00f3 con un potente despliegue art\u00edstico, c\u00f3mo la mesa familiar se convierte en s\u00edmbolo de uni\u00f3n y gratitud, recordando el trabajo de muchas manos y reafirmando que cada alimento es tambi\u00e9n un acto de amor.<\/p>\n<p>El espect\u00e1culo alberg\u00f3 los hitos tradicionales de la celebraci\u00f3n. Primero, la bendici\u00f3n a los dones de la tierra, que hicieron los miembros del Consejo Interreligioso de Mendoza, y despu\u00e9s, la oraci\u00f3n del arzobispo de Mendoza, Marcelo Colombo, en presencia de la imagen de la Virgen de la Carrodilla, que culmin\u00f3 una peregrinaci\u00f3n de varios d\u00edas por distintos puntos de Mendoza, en Lavalle.<\/p>\n<p>Ya en el final, el Gobernador Alfredo Cornejo comparti\u00f3 el escenario para realizar los tres golpes de reja llamando a celebrar los frutos del trabajo de los mendocinos.<\/p>\n","protected":false},"excerpt":{"rendered":"<p>En la celebraci\u00f3n de los 90 a\u00f1os de la fiesta mayor de Mendoza, el Polideportivo Municipal de Villa Tulumaya fue el &#8230;<\/p>\n","protected":false},"author":7,"featured_media":158059,"comment_status":"open","ping_status":"open","sticky":false,"template":"","format":"standard","meta":{"footnotes":""},"categories":[19,25],"tags":[],"class_list":["post-158058","post","type-post","status-publish","format-standard","has-post-thumbnail","hentry","category-cultura","category-vendimia"],"_links":{"self":[{"href":"https:\/\/vinasfm.com\/noticias\/wp-json\/wp\/v2\/posts\/158058","targetHints":{"allow":["GET"]}}],"collection":[{"href":"https:\/\/vinasfm.com\/noticias\/wp-json\/wp\/v2\/posts"}],"about":[{"href":"https:\/\/vinasfm.com\/noticias\/wp-json\/wp\/v2\/types\/post"}],"author":[{"embeddable":true,"href":"https:\/\/vinasfm.com\/noticias\/wp-json\/wp\/v2\/users\/7"}],"replies":[{"embeddable":true,"href":"https:\/\/vinasfm.com\/noticias\/wp-json\/wp\/v2\/comments?post=158058"}],"version-history":[{"count":2,"href":"https:\/\/vinasfm.com\/noticias\/wp-json\/wp\/v2\/posts\/158058\/revisions"}],"predecessor-version":[{"id":158070,"href":"https:\/\/vinasfm.com\/noticias\/wp-json\/wp\/v2\/posts\/158058\/revisions\/158070"}],"wp:featuredmedia":[{"embeddable":true,"href":"https:\/\/vinasfm.com\/noticias\/wp-json\/wp\/v2\/media\/158059"}],"wp:attachment":[{"href":"https:\/\/vinasfm.com\/noticias\/wp-json\/wp\/v2\/media?parent=158058"}],"wp:term":[{"taxonomy":"category","embeddable":true,"href":"https:\/\/vinasfm.com\/noticias\/wp-json\/wp\/v2\/categories?post=158058"},{"taxonomy":"post_tag","embeddable":true,"href":"https:\/\/vinasfm.com\/noticias\/wp-json\/wp\/v2\/tags?post=158058"}],"curies":[{"name":"wp","href":"https:\/\/api.w.org\/{rel}","templated":true}]}}