{"id":158055,"date":"2026-02-27T12:18:12","date_gmt":"2026-02-27T15:18:12","guid":{"rendered":"https:\/\/vinasfm.com\/noticias\/?p=158055"},"modified":"2026-03-02T09:58:12","modified_gmt":"2026-03-02T12:58:12","slug":"colmino-con-exito-la-colonia-de-adultos-activos","status":"publish","type":"post","link":"https:\/\/vinasfm.com\/noticias\/colmino-con-exito-la-colonia-de-adultos-activos\/","title":{"rendered":"COLMIN\u00d3 CON \u00c9XITO LA COLONIA DE ADULTOS ACTIVOS"},"content":{"rendered":"<h4><span style=\"color: #003300;\"><strong>La Direcci\u00f3n de Deportes de General Alvear realiz\u00f3 el cierre de la Colonia de Adultos Activos, propuesta que durante el verano reuni\u00f3 a m\u00e1s de 200 personas en Ciudad y en los distritos de Alvear Oeste, Bowen y Carmensa. La jornada final reflej\u00f3 la alegr\u00eda y la predisposici\u00f3n que caracterizaron tanto a los participantes como al equipo de profesores a lo largo de toda la temporada.<\/strong><\/span><\/h4>\n<p>El <em>director de Deportes<\/em>, <span style=\"color: #003300;\"><strong>Alberto G\u00f3mez<\/strong><\/span>, valor\u00f3 el desarrollo del ciclo: <strong><em>\u201csuperamos los 200 inscriptos, pero m\u00e1s all\u00e1 del n\u00famero, hubo mucha felicidad los lunes, mi\u00e9rcoles y viernes, que eso es lo importante. Estamos muy conformes y ya preparando las actividades que vienen para el resto del a\u00f1o\u201d.<\/em><\/strong><\/p>\n<p>En la misma l\u00ednea, el<em> profesor a cargo<\/em>, <strong><span style=\"color: #003300;\">Hern\u00e1n Sayago<\/span><\/strong>, destac\u00f3 el compromiso del grupo:<em><strong> \u201cellos est\u00e1n activos y han disfrutado realmente de la colonia. A\u00f1o a a\u00f1o vamos creciendo y ya pensamos en nuevos juegos y propuestas para el pr\u00f3ximo ciclo\u201d.<\/strong><\/em><\/p>\n<p>Las voces de los participantes tambi\u00e9n dieron cuenta de la experiencia, Margarita expres\u00f3:<strong><em> \u201cmuy agradecida a los profesores que nos han tratado tan bien. Hemos vivido momentos de mucha alegr\u00eda\u201d<\/em><\/strong>.<\/p>\n<p>Por su parte,<strong><span style=\"color: #003300;\"> Leonor<\/span><\/strong>, quien asiste desde hace varios a\u00f1os, se\u00f1al\u00f3: <strong><em>\u201chermosa experiencia, nos saca a\u00f1os de encima y ac\u00e1 est\u00e1s dispuesta a hacer cualquier cosa para divertirte. Nos sentimos muy apoyadas, con mucha delicadeza y atenci\u00f3n. Nos hace muy bien por dentro porque nos abrimos y hacemos lo que sentimos\u201d.<\/em><\/strong><\/p>\n<p>De esta manera, la colonia culmin\u00f3 una nueva etapa consolid\u00e1ndose como un espacio de encuentro, actividad f\u00edsica y acompa\u00f1amiento para las personas mayores del departamento.<\/p>\n","protected":false},"excerpt":{"rendered":"<p>La Direcci\u00f3n de Deportes de General Alvear realiz\u00f3 el cierre de la Colonia de Adultos Activos, propuesta que durante el verano &#8230;<\/p>\n","protected":false},"author":7,"featured_media":158056,"comment_status":"open","ping_status":"open","sticky":false,"template":"","format":"standard","meta":{"footnotes":""},"categories":[3,11],"tags":[],"class_list":["post-158055","post","type-post","status-publish","format-standard","has-post-thumbnail","hentry","category-deportes","category-sociales"],"_links":{"self":[{"href":"https:\/\/vinasfm.com\/noticias\/wp-json\/wp\/v2\/posts\/158055","targetHints":{"allow":["GET"]}}],"collection":[{"href":"https:\/\/vinasfm.com\/noticias\/wp-json\/wp\/v2\/posts"}],"about":[{"href":"https:\/\/vinasfm.com\/noticias\/wp-json\/wp\/v2\/types\/post"}],"author":[{"embeddable":true,"href":"https:\/\/vinasfm.com\/noticias\/wp-json\/wp\/v2\/users\/7"}],"replies":[{"embeddable":true,"href":"https:\/\/vinasfm.com\/noticias\/wp-json\/wp\/v2\/comments?post=158055"}],"version-history":[{"count":1,"href":"https:\/\/vinasfm.com\/noticias\/wp-json\/wp\/v2\/posts\/158055\/revisions"}],"predecessor-version":[{"id":158057,"href":"https:\/\/vinasfm.com\/noticias\/wp-json\/wp\/v2\/posts\/158055\/revisions\/158057"}],"wp:featuredmedia":[{"embeddable":true,"href":"https:\/\/vinasfm.com\/noticias\/wp-json\/wp\/v2\/media\/158056"}],"wp:attachment":[{"href":"https:\/\/vinasfm.com\/noticias\/wp-json\/wp\/v2\/media?parent=158055"}],"wp:term":[{"taxonomy":"category","embeddable":true,"href":"https:\/\/vinasfm.com\/noticias\/wp-json\/wp\/v2\/categories?post=158055"},{"taxonomy":"post_tag","embeddable":true,"href":"https:\/\/vinasfm.com\/noticias\/wp-json\/wp\/v2\/tags?post=158055"}],"curies":[{"name":"wp","href":"https:\/\/api.w.org\/{rel}","templated":true}]}}