{"id":158052,"date":"2026-02-27T12:10:18","date_gmt":"2026-02-27T15:10:18","guid":{"rendered":"https:\/\/vinasfm.com\/noticias\/?p=158052"},"modified":"2026-03-02T09:58:34","modified_gmt":"2026-03-02T12:58:34","slug":"el-aero-club-de-general-alvear-renovo-su-comision-directiva-para-el-periodo-2025-2027","status":"publish","type":"post","link":"https:\/\/vinasfm.com\/noticias\/el-aero-club-de-general-alvear-renovo-su-comision-directiva-para-el-periodo-2025-2027\/","title":{"rendered":"EL AERO CLUB DE GENERAL ALVEAR RENOV\u00d3 SU COMISI\u00d3N DIRECTIVA PARA EL PER\u00cdODO 2025-2027"},"content":{"rendered":"<p><span style=\"color: #003300;\"><strong>El pasado 13 de febrero se llev\u00f3 a cabo la asamblea ordinaria del Aero Club de General Alvear, instancia en la que se designaron, mediante lista \u00fanica, las nuevas autoridades que conducir\u00e1n la instituci\u00f3n durante el per\u00edodo 2025-2027.<\/strong><\/span><\/p>\n<p>Desde la entidad destacaron que esta nueva etapa estar\u00e1 marcada por la continuidad del trabajo institucional y el fortalecimiento del v\u00ednculo con los socios y la comunidad de General Alvear. En ese sentido, remarcaron el compromiso de seguir promoviendo la actividad aeron\u00e1utica y la solidaridad con los vecinos del departamento.<\/p>\n<p>La comisi\u00f3n directiva qued\u00f3 conformada de la siguiente manera:<\/p>\n<ul>\n<li><strong>Presidenta:<\/strong> Anal\u00eda Garc\u00eda<\/li>\n<li><strong>Vicepresidente:<\/strong> Genaro Catania<\/li>\n<li><strong>Tesorera:<\/strong> Mariela Mu\u00f1oz<\/li>\n<li><strong>Protesorero:<\/strong> Daniel Montoya<\/li>\n<li><strong>Secretario:<\/strong> Marco Slesarchik<\/li>\n<li><strong>Prosecretario:<\/strong> Carlos Medina<\/li>\n<li><strong>Vocales titulares:<\/strong> Carolina Vela, Mat\u00edas Ortega, Rom\u00e1n Slesarchik y Jorge Gatti<\/li>\n<li><strong>Vocales suplentes:<\/strong> Daniel Bernocco y Claudio S\u00e1nchez<\/li>\n<li><strong>Revisor de cuentas titular:<\/strong> Javier Garc\u00eda<\/li>\n<li><strong>Revisor de cuentas suplente:<\/strong> Tiziano Bernocco<\/li>\n<\/ul>\n<p>Las nuevas autoridades expresaron su intenci\u00f3n de continuar trabajando de manera conjunta para el crecimiento del club en este nuevo ciclo institucional.<\/p>\n","protected":false},"excerpt":{"rendered":"<p>El pasado 13 de febrero se llev\u00f3 a cabo la asamblea ordinaria del Aero Club de General Alvear, instancia en la &#8230;<\/p>\n","protected":false},"author":7,"featured_media":158053,"comment_status":"open","ping_status":"open","sticky":false,"template":"","format":"standard","meta":{"footnotes":""},"categories":[5,10],"tags":[],"class_list":["post-158052","post","type-post","status-publish","format-standard","has-post-thumbnail","hentry","category-actualidad","category-destacadas"],"_links":{"self":[{"href":"https:\/\/vinasfm.com\/noticias\/wp-json\/wp\/v2\/posts\/158052","targetHints":{"allow":["GET"]}}],"collection":[{"href":"https:\/\/vinasfm.com\/noticias\/wp-json\/wp\/v2\/posts"}],"about":[{"href":"https:\/\/vinasfm.com\/noticias\/wp-json\/wp\/v2\/types\/post"}],"author":[{"embeddable":true,"href":"https:\/\/vinasfm.com\/noticias\/wp-json\/wp\/v2\/users\/7"}],"replies":[{"embeddable":true,"href":"https:\/\/vinasfm.com\/noticias\/wp-json\/wp\/v2\/comments?post=158052"}],"version-history":[{"count":1,"href":"https:\/\/vinasfm.com\/noticias\/wp-json\/wp\/v2\/posts\/158052\/revisions"}],"predecessor-version":[{"id":158054,"href":"https:\/\/vinasfm.com\/noticias\/wp-json\/wp\/v2\/posts\/158052\/revisions\/158054"}],"wp:featuredmedia":[{"embeddable":true,"href":"https:\/\/vinasfm.com\/noticias\/wp-json\/wp\/v2\/media\/158053"}],"wp:attachment":[{"href":"https:\/\/vinasfm.com\/noticias\/wp-json\/wp\/v2\/media?parent=158052"}],"wp:term":[{"taxonomy":"category","embeddable":true,"href":"https:\/\/vinasfm.com\/noticias\/wp-json\/wp\/v2\/categories?post=158052"},{"taxonomy":"post_tag","embeddable":true,"href":"https:\/\/vinasfm.com\/noticias\/wp-json\/wp\/v2\/tags?post=158052"}],"curies":[{"name":"wp","href":"https:\/\/api.w.org\/{rel}","templated":true}]}}