{"id":158032,"date":"2026-02-27T09:37:54","date_gmt":"2026-02-27T12:37:54","guid":{"rendered":"https:\/\/vinasfm.com\/noticias\/?p=158032"},"modified":"2026-03-02T10:00:02","modified_gmt":"2026-03-02T13:00:02","slug":"anses-oficializo-un-refuerzo-extraordinario-para-la-ayuda-escolar-anual-2026","status":"publish","type":"post","link":"https:\/\/vinasfm.com\/noticias\/anses-oficializo-un-refuerzo-extraordinario-para-la-ayuda-escolar-anual-2026\/","title":{"rendered":"ANSES OFICIALIZ\u00d3 UN REFUERZO EXTRAORDINARIO PARA LA AYUDA ESCOLAR ANUAL 2026"},"content":{"rendered":"<h4><span style=\"color: #003300;\"><strong>ANSES fij\u00f3 un piso m\u00ednimo para llegar a los $85.000 por hijo. Quienes perciban m\u00e1s de esa suma por Ayuda Escolar no recibir\u00e1n el extra.<\/strong><\/span><\/h4>\n<div class=\"article-body first\">\n<div class=\"article-content\">\n<div class=\"cuerpo\" data-twitter-link=\"\">\n<p>El gobierno nacional oficializ\u00f3 este viernes un refuerzo extraordinario para la\u00a0<strong>Asignaci\u00f3n por Ayuda Escolar Anual\u00a0<\/strong>que se abonar\u00e1 en marzo de 2026, a trav\u00e9s de la\u00a0Administraci\u00f3n Nacional de la Seguridad Social (<strong>ANSES<\/strong>), con el objetivo de acompa\u00f1ar a las familias frente a los gastos derivados del comienzo del ciclo lectivo. En\u00a0<strong>Mendoza<\/strong>, este mi\u00e9rcoles iniciaron las clases m\u00e1s de 300.000 alumnos de distintos niveles y el lunes lo har\u00e1n estudiantes de segundo a sexto a\u00f1o del secundario.<\/p>\n<\/div>\n<\/div>\n<\/div>\n<div class=\"article-body\">\n<div class=\"article-content\">\n<div class=\"cuerpo\" data-twitter-link=\"\">\n<p>La medida fue establecida mediante el Decreto 115\/2026, publicado en el\u00a0<strong>Bolet\u00edn Oficial<\/strong>, y dispone el\u00a0<strong>pago<\/strong>\u00a0de un\u00a0<strong>complemento econ\u00f3mico\u00a0<\/strong>por \u00fanica vez junto con la prestaci\u00f3n habitual que abona la\u00a0<strong>ANSES<\/strong>.<\/p>\n<div class=\"article-body\">\n<div class=\"article-content\">\n<div class=\"cuerpo\" data-twitter-link=\"\">\n<p>Seg\u00fan establece la normativa, el refuerzo cubrir\u00e1 la diferencia necesaria para que el monto total de la\u00a0<strong>Ayuda Escolar Anual<\/strong>\u00a0alcance al menos los\u00a0<strong>$85.000<\/strong>\u00a0por hijo. En los casos en que la asignaci\u00f3n ya sea igual o superior a ese valor, no se otorgar\u00e1 el adicional.<\/p>\n<\/div>\n<\/div>\n<\/div>\n<div class=\"article-body third-p\">\n<div class=\"article-content\">\n<div class=\"cuerpo\" data-twitter-link=\"\">\n<h2>Ayuda Escolar Anual: a qui\u00e9nes alcanza<\/h2>\n<p>La Asignaci\u00f3n por<strong>\u00a0Ayuda Escolar Anual<\/strong>\u00a0forma parte del R\u00e9gimen de Asignaciones Familiares y est\u00e1 destinada a trabajadores registrados, monotributistas, beneficiarios del Sistema Integrado Previsional Argentino (SIPA), titulares de la Asignaci\u00f3n Universal por Hijo (AUH), Asignaci\u00f3n por Embarazo y pensiones no contributivas, entre otros grupos alcanzados por el sistema de seguridad social.<\/p>\n<p>El beneficio de\u00a0<strong>ANSES<\/strong>\u00a0tiene como finalidad contribuir con los\u00a0<strong>gastos educativos\u00a0<\/strong>vinculados al inicio de\u00a0<strong>clases<\/strong>, como \u00fatiles escolares, indumentaria y materiales necesarios para estudiantes que asisten a niveles inicial, primario y secundario, as\u00ed como tambi\u00e9n a instituciones de educaci\u00f3n especial.<\/p>\n<\/div>\n<\/div>\n<\/div>\n<\/div>\n<\/div>\n<\/div>\n","protected":false},"excerpt":{"rendered":"<p>ANSES fij\u00f3 un piso m\u00ednimo para llegar a los $85.000 por hijo. Quienes perciban m\u00e1s de esa suma por Ayuda Escolar &#8230;<\/p>\n","protected":false},"author":7,"featured_media":158033,"comment_status":"open","ping_status":"open","sticky":false,"template":"","format":"standard","meta":{"footnotes":""},"categories":[5,50],"tags":[],"class_list":["post-158032","post","type-post","status-publish","format-standard","has-post-thumbnail","hentry","category-actualidad","category-anses"],"_links":{"self":[{"href":"https:\/\/vinasfm.com\/noticias\/wp-json\/wp\/v2\/posts\/158032","targetHints":{"allow":["GET"]}}],"collection":[{"href":"https:\/\/vinasfm.com\/noticias\/wp-json\/wp\/v2\/posts"}],"about":[{"href":"https:\/\/vinasfm.com\/noticias\/wp-json\/wp\/v2\/types\/post"}],"author":[{"embeddable":true,"href":"https:\/\/vinasfm.com\/noticias\/wp-json\/wp\/v2\/users\/7"}],"replies":[{"embeddable":true,"href":"https:\/\/vinasfm.com\/noticias\/wp-json\/wp\/v2\/comments?post=158032"}],"version-history":[{"count":1,"href":"https:\/\/vinasfm.com\/noticias\/wp-json\/wp\/v2\/posts\/158032\/revisions"}],"predecessor-version":[{"id":158034,"href":"https:\/\/vinasfm.com\/noticias\/wp-json\/wp\/v2\/posts\/158032\/revisions\/158034"}],"wp:featuredmedia":[{"embeddable":true,"href":"https:\/\/vinasfm.com\/noticias\/wp-json\/wp\/v2\/media\/158033"}],"wp:attachment":[{"href":"https:\/\/vinasfm.com\/noticias\/wp-json\/wp\/v2\/media?parent=158032"}],"wp:term":[{"taxonomy":"category","embeddable":true,"href":"https:\/\/vinasfm.com\/noticias\/wp-json\/wp\/v2\/categories?post=158032"},{"taxonomy":"post_tag","embeddable":true,"href":"https:\/\/vinasfm.com\/noticias\/wp-json\/wp\/v2\/tags?post=158032"}],"curies":[{"name":"wp","href":"https:\/\/api.w.org\/{rel}","templated":true}]}}