{"id":158029,"date":"2026-02-27T09:07:24","date_gmt":"2026-02-27T12:07:24","guid":{"rendered":"https:\/\/vinasfm.com\/noticias\/?p=158029"},"modified":"2026-03-02T10:00:19","modified_gmt":"2026-03-02T13:00:19","slug":"alerta-ambiental-por-la-reforma-de-la-ley-de-glaciares-fuerte-preocupacion-en-el-sur-mendocino","status":"publish","type":"post","link":"https:\/\/vinasfm.com\/noticias\/alerta-ambiental-por-la-reforma-de-la-ley-de-glaciares-fuerte-preocupacion-en-el-sur-mendocino\/","title":{"rendered":"ALERTA AMBIENTAL POR LA REFORMA DE LA LEY DE GLACIARES: FUERTE PREOCUPACI\u00d3N EN EL SUR MENDOCINO"},"content":{"rendered":"<p data-start=\"101\" data-end=\"370\"><span style=\"color: #003300;\"><strong>En la antesala del debate legislativo por la modificaci\u00f3n de la Ley de Glaciares, la productora local y defensora del agua <span class=\"hover:entity-accent entity-underline inline cursor-pointer align-baseline\"><span class=\"whitespace-normal\">Pilar Castilla<\/span><\/span> expres\u00f3 su preocupaci\u00f3n por el impacto que podr\u00eda tener la iniciativa en los recursos h\u00eddricos del pa\u00eds.<\/strong><\/span><\/p>\n<p data-start=\"372\" data-end=\"688\">En di\u00e1logo con <span style=\"color: #800080;\"><strong>FM VI\u00d1AS<\/strong><\/span>, <span style=\"color: #003366;\"><strong>Castilla<\/strong><\/span> calific\u00f3 la posible reforma como <strong>\u201cgrave\u201d<\/strong>, al advertir que <strong>la normativa vigente proh\u00edbe la actividad hidrocarbur\u00edfera<\/strong> y minera no solo en los glaciares visibles, sino tambi\u00e9n en las zonas periglaciares, que \u2014seg\u00fan explic\u00f3\u2014 cumplen un rol clave en la alimentaci\u00f3n de acu\u00edferos y r\u00edos.<\/p>\n<p data-start=\"690\" data-end=\"1112\">La ambientalista se\u00f1al\u00f3 que la modificaci\u00f3n impulsada por el Gobierno eliminar\u00eda parte de esa protecci\u00f3n.<em><strong> \u201cLa ley actual determina que glaciares y periglaciares est\u00e1n protegidos; con la modificaci\u00f3n eso se recorta\u201d<\/strong><\/em>, sostuvo. Adem\u00e1s, advirti\u00f3 que el Inventario Nacional de Glaciares podr\u00eda quedar sujeto a revisi\u00f3n seg\u00fan criterios provinciales, lo que \u2014a su entender\u2014 abrir\u00eda la puerta a excluir formaciones hoy protegidas.<\/p>\n<p data-start=\"1145\" data-end=\"1447\">El planteo se produce previo de que el <strong data-start=\"1183\" data-end=\"1224\"><span class=\"hover:entity-accent entity-underline inline cursor-pointer align-baseline\"><span class=\"whitespace-normal\">Senado de la Naci\u00f3n Argentina<\/span><\/span><\/strong> aprobara el proyecto de reforma con 40 votos a favor, 31 en contra y una abstenci\u00f3n, por lo que la iniciativa deber\u00e1 ser tratada ahora por la <strong data-start=\"1367\" data-end=\"1408\"><span class=\"hover:entity-accent entity-underline inline cursor-pointer align-baseline\"><span class=\"whitespace-normal\">C\u00e1mara de Diputados de la Naci\u00f3n Argentina<\/span><\/span><\/strong>.<\/p>\n<p data-start=\"1449\" data-end=\"1781\">La propuesta modifica la <em>Ley 26.639<\/em> de Presupuestos M\u00ednimos para la Protecci\u00f3n de Glaciares y del Ambiente Periglacial y busca redefinir el alcance de las zonas protegidas. <strong>El objetivo oficial es permitir actividades econ\u00f3micas en \u00e1reas periglaciares que no cumplan funci\u00f3n h\u00eddrica comprobable.<\/strong><\/p>\n<p data-start=\"1783\" data-end=\"2052\">Seg\u00fan la iniciativa, se mantendr\u00eda la prohibici\u00f3n de actividades sobre glaciares, pero se habilitar\u00edan proyectos en ciertos sectores periglaciares, diferenciando aquellos que act\u00faan como reservas estrat\u00e9gicas de agua de los que no.<\/p>\n<h2 data-start=\"2054\" data-end=\"2078\">\u201cRegresi\u00f3n ambiental\u201d<\/h2>\n<p data-start=\"2080\" data-end=\"2358\">Para Castilla, este enfoque implica un retroceso. <strong>\u201cNo se puede sancionar una ley menos restrictiva que la vigente porque se violan los presupuestos m\u00ednimos de protecci\u00f3n ambiental\u201d<\/strong>, afirm\u00f3, al tiempo que record\u00f3 el principio de no regresi\u00f3n previsto en la legislaci\u00f3n ambiental.<\/p>\n<p data-start=\"2360\" data-end=\"2589\">La defensora del agua tambi\u00e9n puso el foco en el contexto de estr\u00e9s h\u00eddrico que atraviesa la regi\u00f3n y advirti\u00f3 que debilitar la protecci\u00f3n de glaciares ser\u00eda<em><strong> \u201ccondenar directamente a la poblaci\u00f3n y a las actividades productivas\u201d.<\/strong><\/em><\/p>\n<h3 data-start=\"2591\" data-end=\"2615\">Qu\u00e9 puede pasar ahora<\/h3>\n<p data-start=\"2617\" data-end=\"2918\">Castillo explic\u00f3 que el pr\u00f3ximo paso ser\u00e1 el tratamiento en Diputados, donde \u2014seg\u00fan indic\u00f3\u2014 distintos sectores anticiparon que pedir\u00e1n audiencias p\u00fablicas. En paralelo, adelant\u00f3 que organizaciones socioambientales y cient\u00edficas eval\u00faan eventuales acciones judiciales si la reforma se convierte en ley.<\/p>\n<p data-start=\"2920\" data-end=\"2969\"><em><strong>\u201cEsta pelea va a ser larga y dur\u00edsima\u201d<\/strong><\/em>, concluy\u00f3.<\/p>\n","protected":false},"excerpt":{"rendered":"<p>En la antesala del debate legislativo por la modificaci\u00f3n de la Ley de Glaciares, la productora local y defensora del agua &#8230;<\/p>\n","protected":false},"author":7,"featured_media":158030,"comment_status":"open","ping_status":"open","sticky":false,"template":"","format":"standard","meta":{"footnotes":""},"categories":[5,10],"tags":[],"class_list":["post-158029","post","type-post","status-publish","format-standard","has-post-thumbnail","hentry","category-actualidad","category-destacadas"],"_links":{"self":[{"href":"https:\/\/vinasfm.com\/noticias\/wp-json\/wp\/v2\/posts\/158029","targetHints":{"allow":["GET"]}}],"collection":[{"href":"https:\/\/vinasfm.com\/noticias\/wp-json\/wp\/v2\/posts"}],"about":[{"href":"https:\/\/vinasfm.com\/noticias\/wp-json\/wp\/v2\/types\/post"}],"author":[{"embeddable":true,"href":"https:\/\/vinasfm.com\/noticias\/wp-json\/wp\/v2\/users\/7"}],"replies":[{"embeddable":true,"href":"https:\/\/vinasfm.com\/noticias\/wp-json\/wp\/v2\/comments?post=158029"}],"version-history":[{"count":3,"href":"https:\/\/vinasfm.com\/noticias\/wp-json\/wp\/v2\/posts\/158029\/revisions"}],"predecessor-version":[{"id":158039,"href":"https:\/\/vinasfm.com\/noticias\/wp-json\/wp\/v2\/posts\/158029\/revisions\/158039"}],"wp:featuredmedia":[{"embeddable":true,"href":"https:\/\/vinasfm.com\/noticias\/wp-json\/wp\/v2\/media\/158030"}],"wp:attachment":[{"href":"https:\/\/vinasfm.com\/noticias\/wp-json\/wp\/v2\/media?parent=158029"}],"wp:term":[{"taxonomy":"category","embeddable":true,"href":"https:\/\/vinasfm.com\/noticias\/wp-json\/wp\/v2\/categories?post=158029"},{"taxonomy":"post_tag","embeddable":true,"href":"https:\/\/vinasfm.com\/noticias\/wp-json\/wp\/v2\/tags?post=158029"}],"curies":[{"name":"wp","href":"https:\/\/api.w.org\/{rel}","templated":true}]}}