{"id":157978,"date":"2026-02-26T08:33:02","date_gmt":"2026-02-26T11:33:02","guid":{"rendered":"https:\/\/vinasfm.com\/noticias\/?p=157978"},"modified":"2026-02-27T10:00:45","modified_gmt":"2026-02-27T13:00:45","slug":"con-gran-convocatoria-concluyo-el-paseo-federal-2026-en-lavalle","status":"publish","type":"post","link":"https:\/\/vinasfm.com\/noticias\/con-gran-convocatoria-concluyo-el-paseo-federal-2026-en-lavalle\/","title":{"rendered":"CON GRAN CONVOCATORIA, CONCLUY\u00d3 EL PASEO FEDERAL 2026 EN LAVALLE"},"content":{"rendered":"<h4 class=\"wp-block-heading\"><span style=\"color: #003300;\"><strong>En el Predio Verde del Polideportivo Municipal de Lavalle, seis departamentos compartieron sus expresiones art\u00edsticas, tradiciones y soberanas vendimiales, que reafirman la identidad cultural de Mendoza.<\/strong><\/span><\/h4>\n<p>Organizado por la<em> Subsecretar\u00eda de Cultura<\/em>, dependiente del <strong>Ministerio de Educaci\u00f3n, Cultura, Infancias y DGE<\/strong>, junto con el municipio de Lavalle, el <strong>Paseo Federal 2026<\/strong> finaliz\u00f3 luego de tres jornadas, consolid\u00e1ndose como un espacio de encuentro donde los 18 departamentos de la provincia pudieron exhibir su cultura, tradiciones y gastronom\u00eda ante una gran multitud de mendocinos y turistas.<\/p>\n<p>Durante tres noches, el p\u00fablico disfrut\u00f3 de danzas folcl\u00f3ricas, presentaciones art\u00edsticas, m\u00fasica en vivo y stands de promoci\u00f3n que pusieron en valor la riqueza cultural de todo el territorio provincial. Adem\u00e1s, el paseo cont\u00f3 con un sector de artesanos y un patio de comidas con diversas propuestas gastron\u00f3micas que reflejaron la diversidad regional.<\/p>\n<p>Retomando la iniciativa de recorrer distintos puntos del territorio y con el objetivo de federalizar el acceso a la cultura, en <strong>la \u00faltima jornada fue el turno de Malarg\u00fce, Lavalle, Las Heras, Maip\u00fa, Rivadavia y Santa Rosa, que desplegaron sobre el escenario sus propuestas art\u00edsticas junto a la presentaci\u00f3n de sus soberanas vendimiales.<\/strong><\/p>\n<p>Como cada a\u00f1o, la apertura estuvo a cargo del Ballet Oficial, integrado por artistas surgidos de un casting p\u00fablico, abierto y federal, bajo la direcci\u00f3n de N\u00e9stor Alberto Gim\u00e9nez Celi.<\/p>\n<p><a href=\"https:\/\/vinasfm.com\/noticias\/wp-content\/uploads\/2026\/02\/DSC_5423-1280x876-1.jpg\"><img loading=\"lazy\" decoding=\"async\" class=\"alignnone size-large wp-image-157980\" src=\"https:\/\/vinasfm.com\/noticias\/wp-content\/uploads\/2026\/02\/DSC_5423-1280x876-1-1024x701.jpg\" alt=\"\" width=\"1024\" height=\"701\" srcset=\"https:\/\/vinasfm.com\/noticias\/wp-content\/uploads\/2026\/02\/DSC_5423-1280x876-1-1024x701.jpg 1024w, https:\/\/vinasfm.com\/noticias\/wp-content\/uploads\/2026\/02\/DSC_5423-1280x876-1-300x205.jpg 300w, https:\/\/vinasfm.com\/noticias\/wp-content\/uploads\/2026\/02\/DSC_5423-1280x876-1-768x526.jpg 768w, https:\/\/vinasfm.com\/noticias\/wp-content\/uploads\/2026\/02\/DSC_5423-1280x876-1.jpg 1280w\" sizes=\"auto, (max-width: 1024px) 100vw, 1024px\" \/><\/a><\/p>\n<p><strong>Departamentos protagonistas de la \u00faltima noche<\/strong><\/p>\n<p><strong>Malarg\u00fce<\/strong> inaugur\u00f3 el escenario de la tercera noche con el cuadro folcl\u00f3rico<em> \u201cSomos Malarg\u00fce\u201d<\/em>, una propuesta que puso en escena su identidad, sus paisajes y sus tradiciones ante el p\u00fablico. La presentaci\u00f3n estuvo acompa\u00f1ada por su reina departamental, <strong><span style=\"color: #993366;\">Priscila Arroyo<\/span><\/strong>, <em>representante del distrito La Escondida.<\/em><\/p>\n<p>Como anfitri\u00f3n de esta edici\u00f3n, <strong>Lavalle<\/strong> despleg\u00f3 un destacado ensamble art\u00edstico con m\u00fasicos y bailarines locales que fueron ampliamente ovacionados por el p\u00fablico. El acto musical estuvo a cargo de Dalma y Josefina Folk junto a Mateo Villegas, quienes aportaron identidad y calidez a la noche. La <em>soberana departamental<\/em>, <span style=\"color: #993366;\"><strong>Micaela Canselmo<\/strong><\/span>, representante de La Pega, form\u00f3 parte de esta celebraci\u00f3n. <em><strong>\u201cEs un verdadero orgullo recibirlos en nuestro departamento\u201d<\/strong><\/em>, expres\u00f3 la reina, y a\u00f1adi\u00f3: <em><strong>\u201cRepresentamos el resultado del trabajo, el esfuerzo y la esperanza que sostienen nuestras bodegas\u201d<\/strong><\/em>.<\/p>\n<p>Asimismo, <strong>Las Heras<\/strong> present\u00f3 el espect\u00e1culo <em>\u201cUn pasaporte a nuestra historia\u201d<\/em>, evocando los sitios emblem\u00e1ticos de la ruta sanmartiniana presentes en su territorio, entre ellos el Campo de Instrucci\u00f3n El Plumerillo, resaltando los valores del General San Mart\u00edn. La jornada cont\u00f3 con la presencia de su reina, <span style=\"color: #993366;\"><strong>Chiara Baciocchi<\/strong><\/span>, representante de Ciudad.<\/p>\n<p><strong>Maip\u00fa<\/strong> ofreci\u00f3<em> \u201c90 Vendimias que crecen\u201d<\/em>, una puesta que destac\u00f3 la historia y el trabajo de su comunidad, con la banda sonora La Parra Cuyana y un ensamble dirigido por Lucas Alvarado. La propuesta incluy\u00f3 la participaci\u00f3n especial del Centro Tradicionalista Virgen de la Merced, con guion y coordinaci\u00f3n art\u00edstica de Kely Cepeda. En representaci\u00f3n del departamento estuvo su reina departamental, <span style=\"color: #993366;\"><strong>Julieta Crespi<\/strong><\/span>, de Rodeo del Medio.<\/p>\n<p>Por su parte, <strong>Rivadavia<\/strong> se hizo presente con la m\u00fasica de Quimey, recorriendo el folclore tradicional argentino, que gener\u00f3 una respuesta entusiasta en el p\u00fablico. Adem\u00e1s, la danza estuvo a cargo del Ballet Cruz del Sur. Acompa\u00f1\u00f3 la soberana departamental, <span style=\"color: #993366;\"><strong>Brunelan uli\u00e1n Beretta<\/strong><\/span>.<\/p>\n<p>Finalmente, <strong>Santa Rosa<\/strong> traslad\u00f3 al escenario la esencia de su celebraci\u00f3n vendimial <em>\u201cVig\u00edas del origen\u201d<\/em>, bajo la direcci\u00f3n de Mauricio Palacio y su equipo, destacando el trabajo de la tierra y la transmisi\u00f3n cultural de generaci\u00f3n en generaci\u00f3n. Su reina departamental, <span style=\"color: #993366;\"><strong>Malena Demateis<\/strong><\/span>, tambi\u00e9n fue parte de esta presentaci\u00f3n.<\/p>\n<p>De esta manera, concluy\u00f3 el Paseo Federal 2026, un espacio que permiti\u00f3 acercarse al talento de los artistas mendocinos, a las tradiciones y a la propuesta cultural que cada uno de los 18 departamentos tiene para ofrecer.<\/p>\n<p><a href=\"https:\/\/vinasfm.com\/noticias\/wp-content\/uploads\/2026\/02\/DSC_5503-1280x854-1.jpg\"><img loading=\"lazy\" decoding=\"async\" class=\"alignnone size-large wp-image-157981\" src=\"https:\/\/vinasfm.com\/noticias\/wp-content\/uploads\/2026\/02\/DSC_5503-1280x854-1-1024x683.jpg\" alt=\"\" width=\"1024\" height=\"683\" srcset=\"https:\/\/vinasfm.com\/noticias\/wp-content\/uploads\/2026\/02\/DSC_5503-1280x854-1-1024x683.jpg 1024w, https:\/\/vinasfm.com\/noticias\/wp-content\/uploads\/2026\/02\/DSC_5503-1280x854-1-300x200.jpg 300w, https:\/\/vinasfm.com\/noticias\/wp-content\/uploads\/2026\/02\/DSC_5503-1280x854-1-768x512.jpg 768w, https:\/\/vinasfm.com\/noticias\/wp-content\/uploads\/2026\/02\/DSC_5503-1280x854-1.jpg 1280w\" sizes=\"auto, (max-width: 1024px) 100vw, 1024px\" \/><\/a><\/p>\n<h3><strong>Lavalle tambi\u00e9n ser\u00e1 sede de la Bendici\u00f3n de los Frutos 2026<\/strong><\/h3>\n<p>Este viernes 27 de febrero, a las 21, <strong>se realizar\u00e1 la Bendici\u00f3n de los Frutos, la ceremonia interreligiosa que da inicio al calendario oficial de Vendimia.<\/strong><\/p>\n<p>En esta edici\u00f3n 2026, <strong>el acto tendr\u00e1 lugar en el Predio Verde del Polideportivo Municipal de Lavalle, con entrada gratuita para todo el p\u00fablico.<\/strong> La puesta en escena estar\u00e1 dirigida por Alicia Casares, junto a un equipo de reconocida trayectoria integrado por Vilma Vega y Mirta Barroso.<\/p>\n<p>As\u00ed, Mendoza contin\u00faa celebrando sus 90 a\u00f1os de Vendimia con propuestas que recorren el territorio y fortalecen el esp\u00edritu federal de la provincia.<\/p>\n","protected":false},"excerpt":{"rendered":"<p>En el Predio Verde del Polideportivo Municipal de Lavalle, seis departamentos compartieron sus expresiones art\u00edsticas, tradiciones y soberanas vendimiales, que reafirman &#8230;<\/p>\n","protected":false},"author":7,"featured_media":157979,"comment_status":"open","ping_status":"open","sticky":false,"template":"","format":"standard","meta":{"footnotes":""},"categories":[19,25],"tags":[],"class_list":["post-157978","post","type-post","status-publish","format-standard","has-post-thumbnail","hentry","category-cultura","category-vendimia"],"_links":{"self":[{"href":"https:\/\/vinasfm.com\/noticias\/wp-json\/wp\/v2\/posts\/157978","targetHints":{"allow":["GET"]}}],"collection":[{"href":"https:\/\/vinasfm.com\/noticias\/wp-json\/wp\/v2\/posts"}],"about":[{"href":"https:\/\/vinasfm.com\/noticias\/wp-json\/wp\/v2\/types\/post"}],"author":[{"embeddable":true,"href":"https:\/\/vinasfm.com\/noticias\/wp-json\/wp\/v2\/users\/7"}],"replies":[{"embeddable":true,"href":"https:\/\/vinasfm.com\/noticias\/wp-json\/wp\/v2\/comments?post=157978"}],"version-history":[{"count":1,"href":"https:\/\/vinasfm.com\/noticias\/wp-json\/wp\/v2\/posts\/157978\/revisions"}],"predecessor-version":[{"id":157982,"href":"https:\/\/vinasfm.com\/noticias\/wp-json\/wp\/v2\/posts\/157978\/revisions\/157982"}],"wp:featuredmedia":[{"embeddable":true,"href":"https:\/\/vinasfm.com\/noticias\/wp-json\/wp\/v2\/media\/157979"}],"wp:attachment":[{"href":"https:\/\/vinasfm.com\/noticias\/wp-json\/wp\/v2\/media?parent=157978"}],"wp:term":[{"taxonomy":"category","embeddable":true,"href":"https:\/\/vinasfm.com\/noticias\/wp-json\/wp\/v2\/categories?post=157978"},{"taxonomy":"post_tag","embeddable":true,"href":"https:\/\/vinasfm.com\/noticias\/wp-json\/wp\/v2\/tags?post=157978"}],"curies":[{"name":"wp","href":"https:\/\/api.w.org\/{rel}","templated":true}]}}