{"id":157956,"date":"2026-02-25T10:44:38","date_gmt":"2026-02-25T13:44:38","guid":{"rendered":"https:\/\/vinasfm.com\/noticias\/?p=157956"},"modified":"2026-02-26T10:19:27","modified_gmt":"2026-02-26T13:19:27","slug":"presentaran-en-casa-salonia-la-antologia-de-terror-salitral-sangre-y-sombra","status":"publish","type":"post","link":"https:\/\/vinasfm.com\/noticias\/presentaran-en-casa-salonia-la-antologia-de-terror-salitral-sangre-y-sombra\/","title":{"rendered":"PRESENTAR\u00c1N EN CASA SALONIA LA ANTOLOG\u00cdA DE TERROR \u201cSALITRAL, SANGRE Y SOMBRA\u201d"},"content":{"rendered":"<h4><span style=\"color: #003300;\"><strong>La Direcci\u00f3n de Cultura de General Alvear anunci\u00f3 la presentaci\u00f3n del libro <em>\u201cSalitral, antolog\u00eda de sangre y sombra\u201d<\/em>, que se realizar\u00e1 el pr\u00f3ximo domingo 1 de marzo a las 19 horas en Casa Salonia.<\/strong><\/span><\/h4>\n<p>La<em> directora de Cultura<\/em>, <span style=\"color: #003366;\"><strong>Mar\u00eda Delia Achetoni<\/strong><\/span>, inform\u00f3 que la obra forma parte del proyecto editorial impulsado por el municipio el a\u00f1o pasado. <em><strong>\u201cTenemos una gran novedad, que es uno de los cuatro libros que qued\u00f3 pendiente del a\u00f1o pasado\u201d<\/strong><\/em>, se\u00f1al\u00f3.<\/p>\n<p>Seg\u00fan explic\u00f3, desde 2025 se trabaja con la Editorial Alvearense, que convoc\u00f3 a escritores locales y permiti\u00f3 la publicaci\u00f3n de tres t\u00edtulos, quedando este \u00faltimo volumen por presentarse. <em>Salitral<\/em> re\u00fane cuentos de terror de doce autores de General Alvear y marca un hecho in\u00e9dito para el \u00e1mbito literario local.<\/p>\n<p><em><strong>\u201cEs la primera vez que se escriben cuentos de terror en el departamento por escritores nuestros\u201d<\/strong><\/em>, destac\u00f3 Achetoni, quien invit\u00f3 a la comunidad a participar del lanzamiento oficial.<\/p>\n<p>La funcionaria subray\u00f3 adem\u00e1s que la iniciativa forma parte de una pol\u00edtica de trabajo conjunto entre la Direcci\u00f3n de Cultura y los artistas locales, con el objetivo de fortalecer la producci\u00f3n literaria del departamento.<\/p>\n<p>En ese sentido, adelant\u00f3 que este a\u00f1o el certamen literario municipal se realizar\u00e1 mediante convocatoria abierta para cuentos, poes\u00edas y otras disciplinas. Los trabajos ser\u00e1n evaluados por un jurado de cuatro integrantes, que seleccionar\u00e1 las mejores obras para su edici\u00f3n a trav\u00e9s de la editorial Nexo.<\/p>\n<p><strong><em>\u201cLa idea es darle la posibilidad a los escritores de nuestro departamento, que muchas veces no pueden llegar a un libro, de editarlo y tener esta hermosa producci\u00f3n\u201d<\/em><\/strong>, expres\u00f3.<\/p>\n<p><em><strong>\u201cSabemos que no es f\u00e1cil llegar a las editoriales y a las librer\u00edas de Mendoza, pero se ha hecho un trabajo incansable desde la Direcci\u00f3n de Cultura junto a la Subsecretar\u00eda de Cultura de Mendoza para lograrlo\u201d<\/strong><\/em>, concluy\u00f3.<\/p>\n<p>La presentaci\u00f3n del domingo marcar\u00e1 un nuevo paso en la consolidaci\u00f3n del proyecto editorial alvearense y en la promoci\u00f3n de los escritores locales.<\/p>\n","protected":false},"excerpt":{"rendered":"<p>La Direcci\u00f3n de Cultura de General Alvear anunci\u00f3 la presentaci\u00f3n del libro \u201cSalitral, antolog\u00eda de sangre y sombra\u201d, que se realizar\u00e1 &#8230;<\/p>\n","protected":false},"author":7,"featured_media":157957,"comment_status":"open","ping_status":"open","sticky":false,"template":"","format":"standard","meta":{"footnotes":""},"categories":[19,11],"tags":[],"class_list":["post-157956","post","type-post","status-publish","format-standard","has-post-thumbnail","hentry","category-cultura","category-sociales"],"_links":{"self":[{"href":"https:\/\/vinasfm.com\/noticias\/wp-json\/wp\/v2\/posts\/157956","targetHints":{"allow":["GET"]}}],"collection":[{"href":"https:\/\/vinasfm.com\/noticias\/wp-json\/wp\/v2\/posts"}],"about":[{"href":"https:\/\/vinasfm.com\/noticias\/wp-json\/wp\/v2\/types\/post"}],"author":[{"embeddable":true,"href":"https:\/\/vinasfm.com\/noticias\/wp-json\/wp\/v2\/users\/7"}],"replies":[{"embeddable":true,"href":"https:\/\/vinasfm.com\/noticias\/wp-json\/wp\/v2\/comments?post=157956"}],"version-history":[{"count":3,"href":"https:\/\/vinasfm.com\/noticias\/wp-json\/wp\/v2\/posts\/157956\/revisions"}],"predecessor-version":[{"id":157992,"href":"https:\/\/vinasfm.com\/noticias\/wp-json\/wp\/v2\/posts\/157956\/revisions\/157992"}],"wp:featuredmedia":[{"embeddable":true,"href":"https:\/\/vinasfm.com\/noticias\/wp-json\/wp\/v2\/media\/157957"}],"wp:attachment":[{"href":"https:\/\/vinasfm.com\/noticias\/wp-json\/wp\/v2\/media?parent=157956"}],"wp:term":[{"taxonomy":"category","embeddable":true,"href":"https:\/\/vinasfm.com\/noticias\/wp-json\/wp\/v2\/categories?post=157956"},{"taxonomy":"post_tag","embeddable":true,"href":"https:\/\/vinasfm.com\/noticias\/wp-json\/wp\/v2\/tags?post=157956"}],"curies":[{"name":"wp","href":"https:\/\/api.w.org\/{rel}","templated":true}]}}