{"id":157951,"date":"2026-02-25T10:28:36","date_gmt":"2026-02-25T13:28:36","guid":{"rendered":"https:\/\/vinasfm.com\/noticias\/?p=157951"},"modified":"2026-02-25T10:28:36","modified_gmt":"2026-02-25T13:28:36","slug":"25-de-febrero-natalicio-del-general-san-martin","status":"publish","type":"post","link":"https:\/\/vinasfm.com\/noticias\/25-de-febrero-natalicio-del-general-san-martin\/","title":{"rendered":"25 DE FEBRERO: NATALICIO DEL GENERAL SAN MART\u00cdN"},"content":{"rendered":"<h4><span style=\"color: #003300;\"><strong>En la ma\u00f1ana de hoy, el secretario de Gobierno Fabio G\u00f3mez Parra y el secretario de Hacienda Jorge De Nardi junto al Instructor Oficial Principal Jos\u00e9 Colilaf del IUSP (Instituto Universitario de Seguridad P\u00fablica), encabezaron la entrega de una ofrenda floral al pie del monumento del General Don Jos\u00e9 Francisco de San Mart\u00edn en honor al 248\u00b0 aniversario de su natalicio, un 25 de febrero de 1778.<\/strong><\/span><\/h4>\n<p>Acompa\u00f1ados por el <em>coordinador del Consejo de Seguridad<\/em> <span style=\"color: #003366;\"><strong>Luis Alcaino<\/strong> <\/span>y personal del IUSP Alvear: <em>Oficial Ayudante<\/em> <span style=\"color: #003366;\"><strong>Marcos Flores<\/strong><\/span>, <em>Oficial Sub Ayudante<\/em> <span style=\"color: #003366;\"><strong>Jorge Santander<\/strong><\/span>, <em>Auxiliar Primero<\/em> <span style=\"color: #003366;\"><strong>Damaris Fern\u00e1ndez<\/strong><\/span> , los asistentes rindieron tributo a la figura del Libertador.<\/p>\n<p>Este 25 de febrero, destacamos la memoria del pr\u00f3cer y su legado, manteniendo vivo su ejemplo en las nuevas generaciones, convencidos de que la mejor manera de honrar a San Mart\u00edn es construir cada d\u00eda una comunidad m\u00e1s justa, m\u00e1s solidaria y con oportunidades para todos.<\/p>\n","protected":false},"excerpt":{"rendered":"<p>En la ma\u00f1ana de hoy, el secretario de Gobierno Fabio G\u00f3mez Parra y el secretario de Hacienda Jorge De Nardi junto &#8230;<\/p>\n","protected":false},"author":7,"featured_media":157953,"comment_status":"open","ping_status":"open","sticky":false,"template":"","format":"standard","meta":{"footnotes":""},"categories":[1],"tags":[],"class_list":["post-157951","post","type-post","status-publish","format-standard","has-post-thumbnail","hentry","category-fmvinas"],"_links":{"self":[{"href":"https:\/\/vinasfm.com\/noticias\/wp-json\/wp\/v2\/posts\/157951","targetHints":{"allow":["GET"]}}],"collection":[{"href":"https:\/\/vinasfm.com\/noticias\/wp-json\/wp\/v2\/posts"}],"about":[{"href":"https:\/\/vinasfm.com\/noticias\/wp-json\/wp\/v2\/types\/post"}],"author":[{"embeddable":true,"href":"https:\/\/vinasfm.com\/noticias\/wp-json\/wp\/v2\/users\/7"}],"replies":[{"embeddable":true,"href":"https:\/\/vinasfm.com\/noticias\/wp-json\/wp\/v2\/comments?post=157951"}],"version-history":[{"count":3,"href":"https:\/\/vinasfm.com\/noticias\/wp-json\/wp\/v2\/posts\/157951\/revisions"}],"predecessor-version":[{"id":157955,"href":"https:\/\/vinasfm.com\/noticias\/wp-json\/wp\/v2\/posts\/157951\/revisions\/157955"}],"wp:featuredmedia":[{"embeddable":true,"href":"https:\/\/vinasfm.com\/noticias\/wp-json\/wp\/v2\/media\/157953"}],"wp:attachment":[{"href":"https:\/\/vinasfm.com\/noticias\/wp-json\/wp\/v2\/media?parent=157951"}],"wp:term":[{"taxonomy":"category","embeddable":true,"href":"https:\/\/vinasfm.com\/noticias\/wp-json\/wp\/v2\/categories?post=157951"},{"taxonomy":"post_tag","embeddable":true,"href":"https:\/\/vinasfm.com\/noticias\/wp-json\/wp\/v2\/tags?post=157951"}],"curies":[{"name":"wp","href":"https:\/\/api.w.org\/{rel}","templated":true}]}}