{"id":157918,"date":"2026-02-24T10:55:47","date_gmt":"2026-02-24T13:55:47","guid":{"rendered":"https:\/\/vinasfm.com\/noticias\/?p=157918"},"modified":"2026-02-25T10:29:18","modified_gmt":"2026-02-25T13:29:18","slug":"continuan-abiertas-las-inscripciones-para-diseno-de-indumentaria-en-ugacoop","status":"publish","type":"post","link":"https:\/\/vinasfm.com\/noticias\/continuan-abiertas-las-inscripciones-para-diseno-de-indumentaria-en-ugacoop\/","title":{"rendered":"CONTIN\u00daAN ABIERTAS LAS INSCRIPCIONES PARA DISE\u00d1O DE INDUMENTARIA EN UGACOOP"},"content":{"rendered":"<h4><span style=\"color: #003300;\"><strong>IDESA UGACOOP mantiene abiertas las inscripciones para el ciclo lectivo 2026 de la Tecnicatura Superior en Dise\u00f1o de Indumentaria, Textil y Accesorios, una propuesta formativa que combina contenidos te\u00f3ricos con fuerte impronta pr\u00e1ctica en formato taller.<\/strong><\/span><\/h4>\n<p>La <em>coordinadora de la carrera<\/em>, <span style=\"color: #003366;\"><strong>Mariana Ojeda<\/strong><\/span>, confirm\u00f3 en di\u00e1logo con<span style=\"color: #993366;\"><strong> FM VI\u00d1AS<\/strong><\/span> que el proceso de ingreso ya comenz\u00f3, aunque todav\u00eda hay tiempo para sumarse. <strong><em>\u201cLos ingresos han empezado, pero en realidad est\u00e1n a tiempo para poder incorporarse. Hay dos alternativas m\u00e1s en fecha\u201d<\/em><\/strong>, explic\u00f3.<\/p>\n<p>Ojeda detall\u00f3 que este a\u00f1o la propuesta acad\u00e9mica presenta modificaciones: la duraci\u00f3n se redujo de tres a\u00f1os a <strong>dos a\u00f1os y medio<\/strong>, reorganizando la curr\u00edcula para reforzar el perfil pr\u00e1ctico.<\/p>\n<p><em><strong>\u201cSe han juntado algunas materias te\u00f3ricas sin dejar ning\u00fan espacio sin ver, pero tomando m\u00e1s hincapi\u00e9 en lo que ser\u00eda la pr\u00e1ctica de la carrera\u201d<\/strong><\/em>, se\u00f1al\u00f3.<\/p>\n<h3><img loading=\"lazy\" decoding=\"async\" class=\"\" src=\"https:\/\/vinasfm.com\/noticias\/wp-content\/uploads\/2025\/11\/IMG-20251117-WA0116-1140x641.jpg\" width=\"355\" height=\"200\" \/> <img loading=\"lazy\" decoding=\"async\" class=\"\" src=\"https:\/\/vinasfm.com\/noticias\/wp-content\/uploads\/2025\/11\/IMG-20251117-WA0144-1024x682.jpg\" width=\"300\" height=\"200\" \/><\/h3>\n<h6>IN OUT PASARELA | Muestra Anual 2026.<\/h6>\n<p>Para cursar, los aspirantes deben contar con el secundario completo. No obstante, la coordinadora aclar\u00f3 que quienes no lo hayan finalizado pueden ingresar mediante el <strong>Art\u00edculo 7<\/strong>, destinado a mayores de 25 a\u00f1os.<\/p>\n<p>Desde la instituci\u00f3n remarcan el perfil profesional de la tecnicatura.<em><strong> \u201cComo docentes nos comprometemos a ayudarlos para que puedan tener una salida laboral r\u00e1pida y real\u201d<\/strong><\/em>, afirm\u00f3 Ojeda, y agreg\u00f3 que el dise\u00f1o permite desarrollar proyectos propios o integrarse a propuestas colectivas.<\/p>\n<p>Las personas interesadas pueden acercarse a UGACOOP para recibir asesoramiento o ingresar a: <a href=\"https:\/\/idesaugacoop.com.ar\/\">https:\/\/idesaugacoop.com.ar\/ <\/a>para obtener m\u00e1s informaci\u00f3n sobre la carrera y el proceso de inscripci\u00f3n.<\/p>\n","protected":false},"excerpt":{"rendered":"<p>IDESA UGACOOP mantiene abiertas las inscripciones para el ciclo lectivo 2026 de la Tecnicatura Superior en Dise\u00f1o de Indumentaria, Textil y &#8230;<\/p>\n","protected":false},"author":7,"featured_media":157919,"comment_status":"open","ping_status":"open","sticky":false,"template":"","format":"standard","meta":{"footnotes":""},"categories":[18,196],"tags":[],"class_list":["post-157918","post","type-post","status-publish","format-standard","has-post-thumbnail","hentry","category-educacion","category-ugacoop"],"_links":{"self":[{"href":"https:\/\/vinasfm.com\/noticias\/wp-json\/wp\/v2\/posts\/157918","targetHints":{"allow":["GET"]}}],"collection":[{"href":"https:\/\/vinasfm.com\/noticias\/wp-json\/wp\/v2\/posts"}],"about":[{"href":"https:\/\/vinasfm.com\/noticias\/wp-json\/wp\/v2\/types\/post"}],"author":[{"embeddable":true,"href":"https:\/\/vinasfm.com\/noticias\/wp-json\/wp\/v2\/users\/7"}],"replies":[{"embeddable":true,"href":"https:\/\/vinasfm.com\/noticias\/wp-json\/wp\/v2\/comments?post=157918"}],"version-history":[{"count":2,"href":"https:\/\/vinasfm.com\/noticias\/wp-json\/wp\/v2\/posts\/157918\/revisions"}],"predecessor-version":[{"id":157921,"href":"https:\/\/vinasfm.com\/noticias\/wp-json\/wp\/v2\/posts\/157918\/revisions\/157921"}],"wp:featuredmedia":[{"embeddable":true,"href":"https:\/\/vinasfm.com\/noticias\/wp-json\/wp\/v2\/media\/157919"}],"wp:attachment":[{"href":"https:\/\/vinasfm.com\/noticias\/wp-json\/wp\/v2\/media?parent=157918"}],"wp:term":[{"taxonomy":"category","embeddable":true,"href":"https:\/\/vinasfm.com\/noticias\/wp-json\/wp\/v2\/categories?post=157918"},{"taxonomy":"post_tag","embeddable":true,"href":"https:\/\/vinasfm.com\/noticias\/wp-json\/wp\/v2\/tags?post=157918"}],"curies":[{"name":"wp","href":"https:\/\/api.w.org\/{rel}","templated":true}]}}