{"id":157914,"date":"2026-02-24T10:45:05","date_gmt":"2026-02-24T13:45:05","guid":{"rendered":"https:\/\/vinasfm.com\/noticias\/?p=157914"},"modified":"2026-02-25T09:46:20","modified_gmt":"2026-02-25T12:46:20","slug":"operativo-interprovincial-recuperan-en-general-alvear-una-camioneta-robada-en-la-pampa-y-detienen-a-un-sospechoso","status":"publish","type":"post","link":"https:\/\/vinasfm.com\/noticias\/operativo-interprovincial-recuperan-en-general-alvear-una-camioneta-robada-en-la-pampa-y-detienen-a-un-sospechoso\/","title":{"rendered":"OPERATIVO INTERPROVINCIAL: RECUPERAN EN GENERAL ALVEAR UNA CAMIONETA ROBADA EN LA PAMPA Y DETIENEN A UN SOSPECHOSO"},"content":{"rendered":"<h4 class=\"wp-block-heading\"><span style=\"color: #003300;\"><strong>El veh\u00edculo fue localizado sobre la ruta Nacional 188. Un hombre fue aprehendido tras un patrullaje en el radio c\u00e9ntrico del departamento. La intervenci\u00f3n permiti\u00f3 esclarecer el hecho en pocas horas.<\/strong><\/span><\/h4>\n<p>En el marco de un operativo interprovincial, la Polic\u00eda de Mendoza recuper\u00f3 una camioneta que hab\u00eda sido sustra\u00edda en la provincia de La Pampa y detuvo a uno de los presuntos autores del il\u00edcito. El procedimiento se concret\u00f3 a partir de un pedido de colaboraci\u00f3n emitido por la fuerza pampeana.<\/p>\n<p><strong><span class=\"sigijh_hlt sigijh_animateMe\">El hecho ocurri\u00f3 el s\u00e1bado en la localidad de Realic\u00f3, donde autores ignorados ingresaron a una vivienda y sustrajeron una camioneta Ford Ranger. <a href=\"https:\/\/vinasfm.com\/noticias\/robo-en-realico-camaras-de-seguridad-captaron-a-los-sospechosos-escapando-hacia-general-alvear\/\">En la caja del rodado tambi\u00e9n cargaron una motocicleta Kawasaki de alta cilindrada.<\/a><\/span><\/strong><\/p>\n<p>Tras la denuncia, la Polic\u00eda de La Pampa dio aviso a las dependencias de General Alvear. A partir de esa informaci\u00f3n, se dispuso un operativo de b\u00fasqueda en distintos sectores del departamento.<\/p>\n<p>Minutos despu\u00e9s de las 13.30, personal de Cuerpos Especiales hall\u00f3 la camioneta estacionada sobre la ruta Nacional 188, a la altura de Bowen. El veh\u00edculo fue secuestrado y qued\u00f3 a disposici\u00f3n de la Justicia interviniente.<\/p>\n<p>M\u00e1s tarde, <strong>durante tareas de patrullaje preventivo en el radio c\u00e9ntrico de General Alvear, efectivos interceptaron a un hombre cuyas caracter\u00edsticas coincid\u00edan con las aportadas por la fuerza requirente. Tras su identificaci\u00f3n, se confirm\u00f3 que estar\u00eda vinculado al robo.<\/strong><\/p>\n<p>El sospechoso fue trasladado a la Comisar\u00eda de General Alvear y qued\u00f3 a disposici\u00f3n de la Justicia de La Pampa, que contin\u00faa con la investigaci\u00f3n para determinar la participaci\u00f3n de otros involucrados.<\/p>\n","protected":false},"excerpt":{"rendered":"<p>El veh\u00edculo fue localizado sobre la ruta Nacional 188. Un hombre fue aprehendido tras un patrullaje en el radio c\u00e9ntrico del &#8230;<\/p>\n","protected":false},"author":7,"featured_media":157915,"comment_status":"open","ping_status":"open","sticky":false,"template":"","format":"standard","meta":{"footnotes":""},"categories":[70,4],"tags":[],"class_list":["post-157914","post","type-post","status-publish","format-standard","has-post-thumbnail","hentry","category-insolito","category-policiales"],"_links":{"self":[{"href":"https:\/\/vinasfm.com\/noticias\/wp-json\/wp\/v2\/posts\/157914","targetHints":{"allow":["GET"]}}],"collection":[{"href":"https:\/\/vinasfm.com\/noticias\/wp-json\/wp\/v2\/posts"}],"about":[{"href":"https:\/\/vinasfm.com\/noticias\/wp-json\/wp\/v2\/types\/post"}],"author":[{"embeddable":true,"href":"https:\/\/vinasfm.com\/noticias\/wp-json\/wp\/v2\/users\/7"}],"replies":[{"embeddable":true,"href":"https:\/\/vinasfm.com\/noticias\/wp-json\/wp\/v2\/comments?post=157914"}],"version-history":[{"count":1,"href":"https:\/\/vinasfm.com\/noticias\/wp-json\/wp\/v2\/posts\/157914\/revisions"}],"predecessor-version":[{"id":157916,"href":"https:\/\/vinasfm.com\/noticias\/wp-json\/wp\/v2\/posts\/157914\/revisions\/157916"}],"wp:featuredmedia":[{"embeddable":true,"href":"https:\/\/vinasfm.com\/noticias\/wp-json\/wp\/v2\/media\/157915"}],"wp:attachment":[{"href":"https:\/\/vinasfm.com\/noticias\/wp-json\/wp\/v2\/media?parent=157914"}],"wp:term":[{"taxonomy":"category","embeddable":true,"href":"https:\/\/vinasfm.com\/noticias\/wp-json\/wp\/v2\/categories?post=157914"},{"taxonomy":"post_tag","embeddable":true,"href":"https:\/\/vinasfm.com\/noticias\/wp-json\/wp\/v2\/tags?post=157914"}],"curies":[{"name":"wp","href":"https:\/\/api.w.org\/{rel}","templated":true}]}}