{"id":157907,"date":"2026-02-23T08:14:19","date_gmt":"2026-02-23T11:14:19","guid":{"rendered":"https:\/\/vinasfm.com\/noticias\/?p=157907"},"modified":"2026-02-25T10:30:06","modified_gmt":"2026-02-25T13:30:06","slug":"gran-expectativa-por-el-paseo-federal-general-alvear-se-presenta-este-martes","status":"publish","type":"post","link":"https:\/\/vinasfm.com\/noticias\/gran-expectativa-por-el-paseo-federal-general-alvear-se-presenta-este-martes\/","title":{"rendered":"GRAN EXPECTATIVA POR EL PASEO FEDERAL: GENERAL ALVEAR SE PRESENTA ESTE MARTES"},"content":{"rendered":"<h4><span style=\"color: #003300;\"><strong>Con una importante convocatoria de p\u00fablico en la primera noche del Paseo Federal, General Alvear se prepara para desplegar toda su propuesta tur\u00edstica y cultural este martes 24 de febrero en la Ciudad de Mendoza.<\/strong><\/span><\/h4>\n<p>En di\u00e1logo con <strong><span style=\"color: #993366;\">FM VI\u00d1AS<\/span><\/strong>, el <em>director de Turismo de General Alvear<\/em>,<span style=\"color: #003366;\"><strong> Gustavo Garc\u00eda<\/strong><\/span>, destac\u00f3 el intenso trabajo del equipo para promocionar al departamento y acompa\u00f1ar a la reina vendimial. <em><strong>\u201cTenemos tres horitas para armar todo y esta noche a las 19 ponernos a hacer esta gran promoci\u00f3n. Estamos contentos, con mucho trabajo y abocados a posicionar a nuestra reina\u201d<\/strong><\/em>, se\u00f1al\u00f3 previo al incio de actividades en el en el Predio verde del Polideportivo Municipal de Lavalle.<\/p>\n<p>El funcionario explic\u00f3 que la federalizaci\u00f3n del evento \u2014impulsada desde el \u00e1rea de Cultura provincial\u2014 representa una oportunidad clave para mostrar la oferta alvearense.<em><strong> \u201cEs la primera vez que me toca participar desde lejos de lo que es el conurbano de la Ciudad de Mendoza. Esperemos que asista mucha gente, que es lo que necesitamos para promocionar a nuestra reina\u201d<\/strong><\/em>, afirm\u00f3.<\/p>\n<p><a href=\"https:\/\/vinasfm.com\/noticias\/wp-content\/uploads\/2026\/02\/7ef8f0e22e874262b799af045befb0281.jpg\"><img loading=\"lazy\" decoding=\"async\" class=\"wp-image-157911 aligncenter\" src=\"https:\/\/vinasfm.com\/noticias\/wp-content\/uploads\/2026\/02\/7ef8f0e22e874262b799af045befb0281-767x1024.jpg\" alt=\"\" width=\"470\" height=\"627\" \/><\/a><\/p>\n<h3>Objetivo: posicionar a Mariana Perra Cucatto<\/h3>\n<p>Garc\u00eda remarc\u00f3 que uno de los principales objetivos es fortalecer la presencia de la representante departamental, <span style=\"color: #003366;\"><strong>Mariana Bel\u00e9n Perra Cucatto<\/strong><\/span>, quien \u2014seg\u00fan encuestas en redes\u2014 se ubicar\u00eda entre las candidatas mejor posicionadas.<\/p>\n<p><em><strong>\u201cNos mandaron que estaba entre las mejores tres o cuatro reinas de Mendoza. El trabajo es lo \u00fanico que hay que hacer\u201d<\/strong><\/em>, sostuvo, y anticip\u00f3 que el equipo desplegar\u00e1 folleter\u00eda y acciones promocionales en distintos puntos de la capital provincial.<\/p>\n<p>En esa l\u00ednea, record\u00f3 la experiencia del a\u00f1o pasado: <em><strong>\u201cLo hicimos con Sof\u00eda (Perfumo, actual Virreina Nacional), trabajamos mucho desde distintas \u00e1reas de la municipalidad y ese es el camino que seguimos\u201d.<\/strong><\/em><\/p>\n<p>El director tambi\u00e9n reconoci\u00f3 que la participaci\u00f3n fuera del Gran Mendoza implica algunas incomodidades log\u00edsticas, especialmente en materia de alojamiento y gastronom\u00eda, pero subray\u00f3 que eso no condicionar\u00e1 el trabajo.<\/p>\n<p><em><strong>\u201cLa incomodidad nuestra no tiene que ser excusa, sino simplemente trabajar para que quede bien Alvear\u201d<\/strong><\/em>, expres\u00f3.<\/p>\n<p>La presentaci\u00f3n alvearense en el Paseo Federal se concretar\u00e1 este martes, en el marco de las actividades previas a la Fiesta Nacional de la Vendimia.<\/p>\n","protected":false},"excerpt":{"rendered":"<p>Con una importante convocatoria de p\u00fablico en la primera noche del Paseo Federal, General Alvear se prepara para desplegar toda su &#8230;<\/p>\n","protected":false},"author":7,"featured_media":157911,"comment_status":"open","ping_status":"open","sticky":false,"template":"","format":"standard","meta":{"footnotes":""},"categories":[19,25],"tags":[],"class_list":["post-157907","post","type-post","status-publish","format-standard","has-post-thumbnail","hentry","category-cultura","category-vendimia"],"_links":{"self":[{"href":"https:\/\/vinasfm.com\/noticias\/wp-json\/wp\/v2\/posts\/157907","targetHints":{"allow":["GET"]}}],"collection":[{"href":"https:\/\/vinasfm.com\/noticias\/wp-json\/wp\/v2\/posts"}],"about":[{"href":"https:\/\/vinasfm.com\/noticias\/wp-json\/wp\/v2\/types\/post"}],"author":[{"embeddable":true,"href":"https:\/\/vinasfm.com\/noticias\/wp-json\/wp\/v2\/users\/7"}],"replies":[{"embeddable":true,"href":"https:\/\/vinasfm.com\/noticias\/wp-json\/wp\/v2\/comments?post=157907"}],"version-history":[{"count":1,"href":"https:\/\/vinasfm.com\/noticias\/wp-json\/wp\/v2\/posts\/157907\/revisions"}],"predecessor-version":[{"id":157912,"href":"https:\/\/vinasfm.com\/noticias\/wp-json\/wp\/v2\/posts\/157907\/revisions\/157912"}],"wp:featuredmedia":[{"embeddable":true,"href":"https:\/\/vinasfm.com\/noticias\/wp-json\/wp\/v2\/media\/157911"}],"wp:attachment":[{"href":"https:\/\/vinasfm.com\/noticias\/wp-json\/wp\/v2\/media?parent=157907"}],"wp:term":[{"taxonomy":"category","embeddable":true,"href":"https:\/\/vinasfm.com\/noticias\/wp-json\/wp\/v2\/categories?post=157907"},{"taxonomy":"post_tag","embeddable":true,"href":"https:\/\/vinasfm.com\/noticias\/wp-json\/wp\/v2\/tags?post=157907"}],"curies":[{"name":"wp","href":"https:\/\/api.w.org\/{rel}","templated":true}]}}