{"id":157905,"date":"2026-02-24T10:05:08","date_gmt":"2026-02-24T13:05:08","guid":{"rendered":"https:\/\/vinasfm.com\/noticias\/?p=157905"},"modified":"2026-02-25T09:30:58","modified_gmt":"2026-02-25T12:30:58","slug":"robo-en-realico-camaras-de-seguridad-captaron-a-los-sospechosos-escapando-hacia-general-alvear","status":"publish","type":"post","link":"https:\/\/vinasfm.com\/noticias\/robo-en-realico-camaras-de-seguridad-captaron-a-los-sospechosos-escapando-hacia-general-alvear\/","title":{"rendered":"ROBO EN REALIC\u00d3: C\u00c1MARAS DE SEGURIDAD CAPTARON A LOS SOSPECHOSOS ESCAPANDO HACIA GENERAL ALVEAR"},"content":{"rendered":"<div dir=\"auto\">\n<p><strong>La investigaci\u00f3n por el robo de una motocicleta en la localidad pampeana de Realic\u00f3 sum\u00f3 en las \u00faltimas horas nuevas im\u00e1genes clave. C\u00e1maras de seguridad de General Alvear registraron parte del recorrido de la Kawasaki KLX 300 sustra\u00edda en el barrio Quimeyco.<\/strong><\/p>\n<p>En el material f\u00edlmico se observa a dos sujetos con mochilas circulando a bordo del rodado por la Ruta Nacional 188. Posteriormente, los sospechosos giran hacia Calle 25, maniobra que tambi\u00e9n qued\u00f3 registrada por el sistema de vigilancia.<\/p>\n<p>Si bien se desplegaron operativos para dar con la moto y los involucrados, hasta el momento el veh\u00edculo no ha sido recuperado. No obstante, las autoridades destacaron que los movimientos de los sospechosos quedaron documentados paso a paso, lo que podr\u00eda resultar clave para el avance de la causa.<\/p>\n<p>La investigaci\u00f3n contin\u00faa para identificar a los autores y localizar la motocicleta robada.<\/p>\n<\/div>\n","protected":false},"excerpt":{"rendered":"<p>La investigaci\u00f3n por el robo de una motocicleta en la localidad pampeana de Realic\u00f3 sum\u00f3 en las \u00faltimas horas nuevas im\u00e1genes &#8230;<\/p>\n","protected":false},"author":7,"featured_media":157917,"comment_status":"open","ping_status":"open","sticky":false,"template":"","format":"standard","meta":{"footnotes":""},"categories":[5,4],"tags":[],"class_list":["post-157905","post","type-post","status-publish","format-standard","has-post-thumbnail","hentry","category-actualidad","category-policiales"],"_links":{"self":[{"href":"https:\/\/vinasfm.com\/noticias\/wp-json\/wp\/v2\/posts\/157905","targetHints":{"allow":["GET"]}}],"collection":[{"href":"https:\/\/vinasfm.com\/noticias\/wp-json\/wp\/v2\/posts"}],"about":[{"href":"https:\/\/vinasfm.com\/noticias\/wp-json\/wp\/v2\/types\/post"}],"author":[{"embeddable":true,"href":"https:\/\/vinasfm.com\/noticias\/wp-json\/wp\/v2\/users\/7"}],"replies":[{"embeddable":true,"href":"https:\/\/vinasfm.com\/noticias\/wp-json\/wp\/v2\/comments?post=157905"}],"version-history":[{"count":2,"href":"https:\/\/vinasfm.com\/noticias\/wp-json\/wp\/v2\/posts\/157905\/revisions"}],"predecessor-version":[{"id":157908,"href":"https:\/\/vinasfm.com\/noticias\/wp-json\/wp\/v2\/posts\/157905\/revisions\/157908"}],"wp:featuredmedia":[{"embeddable":true,"href":"https:\/\/vinasfm.com\/noticias\/wp-json\/wp\/v2\/media\/157917"}],"wp:attachment":[{"href":"https:\/\/vinasfm.com\/noticias\/wp-json\/wp\/v2\/media?parent=157905"}],"wp:term":[{"taxonomy":"category","embeddable":true,"href":"https:\/\/vinasfm.com\/noticias\/wp-json\/wp\/v2\/categories?post=157905"},{"taxonomy":"post_tag","embeddable":true,"href":"https:\/\/vinasfm.com\/noticias\/wp-json\/wp\/v2\/tags?post=157905"}],"curies":[{"name":"wp","href":"https:\/\/api.w.org\/{rel}","templated":true}]}}