{"id":157902,"date":"2026-02-24T10:00:14","date_gmt":"2026-02-24T13:00:14","guid":{"rendered":"https:\/\/vinasfm.com\/noticias\/?p=157902"},"modified":"2026-02-25T09:46:54","modified_gmt":"2026-02-25T12:46:54","slug":"un-camionero-alvearense-se-accidento-cerca-de-san-martin-de-los-andes","status":"publish","type":"post","link":"https:\/\/vinasfm.com\/noticias\/un-camionero-alvearense-se-accidento-cerca-de-san-martin-de-los-andes\/","title":{"rendered":"UN CAMIONERO ALVEARENSE SE ACCIDENT\u00d3 CERCA DE SAN MART\u00cdN DE LOS ANDES"},"content":{"rendered":"<h4><span style=\"color: #003300;\"><strong>Un camionero oriundo de General Alvear result\u00f3 herido tras protagonizar un siniestro vial sobre la Ruta Nacional 237, a la altura del kil\u00f3metro 1.513, en cercan\u00edas de San Mart\u00edn de los Andes. El conductor permanece internado en Cutral-C\u00f3 y se encuentra fuera de peligro.<\/strong><\/span><\/h4>\n<p>El cami\u00f3n transportaba ladrillos y bolsas de le\u00f1a, carga que qued\u00f3 esparcida sobre la banquina luego del incidente. Por causas que se investigan,<strong> el veh\u00edculo sufri\u00f3 el accidente que motiv\u00f3 la r\u00e1pida intervenci\u00f3n de los equipos de emergencia.<\/strong><\/p>\n<p>Bomberos de Jun\u00edn de los Andes trabajaron en conjunto con personal local realizando tareas de seguridad y control de la escena, incluyendo prevenci\u00f3n de incendio, contenci\u00f3n de derrame de combustible y corte de corriente del rodado.<\/p>\n<p><strong>Ambos ocupantes del cami\u00f3n fueron asistidos por personal de salud y trasladados en ambulancia a un centro asistencial para su evaluaci\u00f3n.<\/strong><\/p>\n<p>El chofer, de apellido Guerra, debi\u00f3 ser intervenido quir\u00fargicamente por una lesi\u00f3n en su mano izquierda, aunque desde el nosocomio de Cutral-C\u00f3 informaron que su vida no corre peligro.<\/p>\n","protected":false},"excerpt":{"rendered":"<p>Un camionero oriundo de General Alvear result\u00f3 herido tras protagonizar un siniestro vial sobre la Ruta Nacional 237, a la altura &#8230;<\/p>\n","protected":false},"author":7,"featured_media":157903,"comment_status":"open","ping_status":"open","sticky":false,"template":"","format":"standard","meta":{"footnotes":""},"categories":[4,184],"tags":[],"class_list":["post-157902","post","type-post","status-publish","format-standard","has-post-thumbnail","hentry","category-policiales","category-siniestro-vial"],"_links":{"self":[{"href":"https:\/\/vinasfm.com\/noticias\/wp-json\/wp\/v2\/posts\/157902","targetHints":{"allow":["GET"]}}],"collection":[{"href":"https:\/\/vinasfm.com\/noticias\/wp-json\/wp\/v2\/posts"}],"about":[{"href":"https:\/\/vinasfm.com\/noticias\/wp-json\/wp\/v2\/types\/post"}],"author":[{"embeddable":true,"href":"https:\/\/vinasfm.com\/noticias\/wp-json\/wp\/v2\/users\/7"}],"replies":[{"embeddable":true,"href":"https:\/\/vinasfm.com\/noticias\/wp-json\/wp\/v2\/comments?post=157902"}],"version-history":[{"count":1,"href":"https:\/\/vinasfm.com\/noticias\/wp-json\/wp\/v2\/posts\/157902\/revisions"}],"predecessor-version":[{"id":157904,"href":"https:\/\/vinasfm.com\/noticias\/wp-json\/wp\/v2\/posts\/157902\/revisions\/157904"}],"wp:featuredmedia":[{"embeddable":true,"href":"https:\/\/vinasfm.com\/noticias\/wp-json\/wp\/v2\/media\/157903"}],"wp:attachment":[{"href":"https:\/\/vinasfm.com\/noticias\/wp-json\/wp\/v2\/media?parent=157902"}],"wp:term":[{"taxonomy":"category","embeddable":true,"href":"https:\/\/vinasfm.com\/noticias\/wp-json\/wp\/v2\/categories?post=157902"},{"taxonomy":"post_tag","embeddable":true,"href":"https:\/\/vinasfm.com\/noticias\/wp-json\/wp\/v2\/tags?post=157902"}],"curies":[{"name":"wp","href":"https:\/\/api.w.org\/{rel}","templated":true}]}}