{"id":157849,"date":"2026-02-23T09:49:25","date_gmt":"2026-02-23T12:49:25","guid":{"rendered":"https:\/\/vinasfm.com\/noticias\/?p=157849"},"modified":"2026-02-24T10:29:28","modified_gmt":"2026-02-24T13:29:28","slug":"comienzan-las-fechas-clasificatorias-del-torneo-nacional-de-pruebas-de-rienda","status":"publish","type":"post","link":"https:\/\/vinasfm.com\/noticias\/comienzan-las-fechas-clasificatorias-del-torneo-nacional-de-pruebas-de-rienda\/","title":{"rendered":"COMIENZAN LAS FECHAS CLASIFICATORIAS DEL TORNEO NACIONAL DE PRUEBAS DE RIENDA"},"content":{"rendered":"<h4>En di\u00e1logo con FM Vi\u00f1as, <strong>Miguel Sosa<\/strong>, coordinador general del Festival de Destrezas Criollas de la <strong>Fiesta Nacional de la Ganader\u00eda<\/strong>, brind\u00f3 detalles sobre el inicio del quinto Torneo Nacional de Pruebas de Rienda \u201cIsmael Reynoso\u201d, que este a\u00f1o sumar\u00e1 una fecha clasificatoria m\u00e1s.<\/h4>\n<p>El certamen contar\u00e1 con cuatro instancias previas antes de la gran final prevista para el s\u00e1bado 9 de mayo, en el marco de la tradicional fiesta ganadera. La primera fecha se disputar\u00e1 el pr\u00f3ximo 28 de febrero durante el <strong>Festival Nacional de la Ciruela<\/strong>.<\/p>\n<p>Sosa explic\u00f3 que el torneo ya est\u00e1 en marcha y que la jornada inaugural se desarrollar\u00e1 durante todo el d\u00eda en el predio del festival, donde se acondicion\u00f3 especialmente un picadero para las pruebas de rienda. <em><strong>\u201cHan trabajado muy bien, ha quedado muy lindo, y la idea es seguir utiliz\u00e1ndolo para distintas actividades ecuestres\u201d<\/strong><\/em>, destac\u00f3.<\/p>\n<p>La actividad comenzar\u00e1 a las 9.00 con el ingreso de los participantes y el acto oficial, mientras que desde las 10.00 se pondr\u00e1n en marcha las pruebas.<\/p>\n<p><a href=\"https:\/\/vinasfm.com\/noticias\/wp-content\/uploads\/2026\/02\/IMG-20260220-WA0115.jpg\"><img loading=\"lazy\" decoding=\"async\" class=\"wp-image-157851 aligncenter\" src=\"https:\/\/vinasfm.com\/noticias\/wp-content\/uploads\/2026\/02\/IMG-20260220-WA0115-745x1024.jpg\" alt=\"\" width=\"505\" height=\"694\" srcset=\"https:\/\/vinasfm.com\/noticias\/wp-content\/uploads\/2026\/02\/IMG-20260220-WA0115-745x1024.jpg 745w, https:\/\/vinasfm.com\/noticias\/wp-content\/uploads\/2026\/02\/IMG-20260220-WA0115-218x300.jpg 218w, https:\/\/vinasfm.com\/noticias\/wp-content\/uploads\/2026\/02\/IMG-20260220-WA0115-768x1056.jpg 768w, https:\/\/vinasfm.com\/noticias\/wp-content\/uploads\/2026\/02\/IMG-20260220-WA0115.jpg 1114w\" sizes=\"auto, (max-width: 505px) 100vw, 505px\" \/><\/a><\/p>\n<p>El torneo contempla dos categor\u00edas:<\/p>\n<ul>\n<li><strong>Menores:<\/strong> hasta 14 a\u00f1os cumplidos<\/li>\n<li><strong>Mayores:<\/strong> desde los 15 a\u00f1os<\/li>\n<\/ul>\n<p>En cuanto a las competencias, se disputar\u00e1n los juegos tradicionales:<\/p>\n<ul>\n<li>8 simple<\/li>\n<li>Criollos de Am\u00e9rica<\/li>\n<li>El tr\u00e9bol<\/li>\n<\/ul>\n<h3>Inscripciones y premios<\/h3>\n<p>Las inscripciones estar\u00e1n abiertas hasta el mi\u00e9rcoles 25 de febrero. El costo para la categor\u00eda mayores es de $30.000 (menores sin cargo) y el 100% de lo recaudado se distribuir\u00e1 en premios.<\/p>\n<p>Adem\u00e1s, en cada fecha clasificatoria se otorgar\u00e1 un reconocimiento especial al jinete de categor\u00eda mayor que sume la mayor cantidad de puntos en los tres juegos.<\/p>\n<p>Los interesados pueden comunicarse al tel\u00e9fono <strong>2625-666459<\/strong>, donde recibir\u00e1n la informaci\u00f3n necesaria para completar la inscripci\u00f3n. Desde la organizaci\u00f3n aclararon que la inscripci\u00f3n debe realizarse en cada fecha, ya que cada instancia es organizada por distintas comisiones.<\/p>\n<p>Un aspecto destacado de la jornada ser\u00e1 que la entrada no tendr\u00e1 costo monetario: se solicitar\u00e1 un alimento no perecedero que ser\u00e1 destinado a la <strong>Escuela Profesor Luis Morzone<\/strong> de <strong>Bowen<\/strong>, instituci\u00f3n apadrinada por la comisi\u00f3n organizadora del festival.<\/p>\n<p>Sosa invit\u00f3 a la comunidad a acompa\u00f1ar el evento: <em><strong>\u201cEsperamos que la gente disfrute de un gran d\u00eda de tradicionalismo y de pruebas de rienda. El trabajo organizativo se est\u00e1 haciendo con mucho esmero\u201d<\/strong><\/em>.<\/p>\n<p>El calendario continuar\u00e1 con:<\/p>\n<ul>\n<li><strong>14 de marzo:<\/strong> Fiesta Provincial del Puestero Mendocino (Cerro Los Chanchos)<\/li>\n<li><strong>5 de abril:<\/strong> Festival homenaje a los H\u00e9roes de Malvinas (Los Sifones)<\/li>\n<li><strong>19 de abril:<\/strong> Festival Clausura en el predio ferial<\/li>\n<\/ul>\n<p>De estas instancias saldr\u00e1n los clasificados para la gran final de mayo en la Fiesta Nacional de la Ganader\u00eda.<\/p>\n","protected":false},"excerpt":{"rendered":"<p>En di\u00e1logo con FM Vi\u00f1as, Miguel Sosa, coordinador general del Festival de Destrezas Criollas de la Fiesta Nacional de la Ganader\u00eda, &#8230;<\/p>\n","protected":false},"author":7,"featured_media":157854,"comment_status":"open","ping_status":"open","sticky":false,"template":"","format":"standard","meta":{"footnotes":""},"categories":[3,10],"tags":[],"class_list":["post-157849","post","type-post","status-publish","format-standard","has-post-thumbnail","hentry","category-deportes","category-destacadas"],"_links":{"self":[{"href":"https:\/\/vinasfm.com\/noticias\/wp-json\/wp\/v2\/posts\/157849","targetHints":{"allow":["GET"]}}],"collection":[{"href":"https:\/\/vinasfm.com\/noticias\/wp-json\/wp\/v2\/posts"}],"about":[{"href":"https:\/\/vinasfm.com\/noticias\/wp-json\/wp\/v2\/types\/post"}],"author":[{"embeddable":true,"href":"https:\/\/vinasfm.com\/noticias\/wp-json\/wp\/v2\/users\/7"}],"replies":[{"embeddable":true,"href":"https:\/\/vinasfm.com\/noticias\/wp-json\/wp\/v2\/comments?post=157849"}],"version-history":[{"count":4,"href":"https:\/\/vinasfm.com\/noticias\/wp-json\/wp\/v2\/posts\/157849\/revisions"}],"predecessor-version":[{"id":157855,"href":"https:\/\/vinasfm.com\/noticias\/wp-json\/wp\/v2\/posts\/157849\/revisions\/157855"}],"wp:featuredmedia":[{"embeddable":true,"href":"https:\/\/vinasfm.com\/noticias\/wp-json\/wp\/v2\/media\/157854"}],"wp:attachment":[{"href":"https:\/\/vinasfm.com\/noticias\/wp-json\/wp\/v2\/media?parent=157849"}],"wp:term":[{"taxonomy":"category","embeddable":true,"href":"https:\/\/vinasfm.com\/noticias\/wp-json\/wp\/v2\/categories?post=157849"},{"taxonomy":"post_tag","embeddable":true,"href":"https:\/\/vinasfm.com\/noticias\/wp-json\/wp\/v2\/tags?post=157849"}],"curies":[{"name":"wp","href":"https:\/\/api.w.org\/{rel}","templated":true}]}}