{"id":157838,"date":"2026-02-23T08:42:54","date_gmt":"2026-02-23T11:42:54","guid":{"rendered":"https:\/\/vinasfm.com\/noticias\/?p=157838"},"modified":"2026-02-24T10:29:49","modified_gmt":"2026-02-24T13:29:49","slug":"alvear-vivio-una-emotiva-jornada-por-el-dia-internacional-de-la-lucha-contra-el-cancer-infantil","status":"publish","type":"post","link":"https:\/\/vinasfm.com\/noticias\/alvear-vivio-una-emotiva-jornada-por-el-dia-internacional-de-la-lucha-contra-el-cancer-infantil\/","title":{"rendered":"ALVEAR VIVI\u00d3 UNA EMOTIVA JORNADA POR EL D\u00cdA INTERNACIONAL DE LA LUCHA CONTRA EL C\u00c1NCER INFANTIL"},"content":{"rendered":"<h4><span style=\"color: #003300;\"><strong>Este domingo 22 de febrero se desarroll\u00f3 en General Alvear una posta solidaria en el marco del D\u00eda Internacional de la Lucha contra el C\u00e1ncer Infantil. La actividad comenz\u00f3 en el Paseo de los Artesanos y finaliz\u00f3 en la Plaza de los Ni\u00f1os, en el barrio Policial, donde se llevaron a cabo acciones de concientizaci\u00f3n y participaci\u00f3n comunitaria.<\/strong><\/span><\/h4>\n<p>La <em>directora de Familia<\/em>,<span style=\"color: #003300;\"><strong> Gabriela Arzel\u00e1n<\/strong><\/span>, se\u00f1al\u00f3:<strong><em> \u201cun a\u00f1o m\u00e1s acompa\u00f1amos esta fecha tan significativa. El objetivo es poner el acento en la detecci\u00f3n temprana para acceder a un tratamiento oportuno, ya que cuando se diagnostica a tiempo, las posibilidades de respuesta favorable son mayores\u201d<\/em><\/strong>. Adem\u00e1s, destac\u00f3 la participaci\u00f3n de familias que han atravesado esta enfermedad y el compromiso sostenido en cada convocatoria.<\/p>\n<p>Se present\u00f3 nuevamente el coraz\u00f3n met\u00e1lico destinado a la recolecci\u00f3n de tapitas pl\u00e1sticas. Estos materiales luego se comercializan para adquirir insumos hospitalarios.<em><strong> \u201cEsta iniciativa permite colaborar con el sistema de salud y, al mismo tiempo, generar conciencia ambiental sobre la importancia de reciclar\u201d<\/strong><\/em>, agreg\u00f3 Arzel\u00e1n.<\/p>\n<p><a href=\"https:\/\/vinasfm.com\/noticias\/wp-content\/uploads\/2026\/02\/IMG-20260223-WA0015.jpg\"><img loading=\"lazy\" decoding=\"async\" class=\"alignnone  wp-image-157840\" src=\"https:\/\/vinasfm.com\/noticias\/wp-content\/uploads\/2026\/02\/IMG-20260223-WA0015-1024x682.jpg\" alt=\"\" width=\"365\" height=\"243\" srcset=\"https:\/\/vinasfm.com\/noticias\/wp-content\/uploads\/2026\/02\/IMG-20260223-WA0015-1024x682.jpg 1024w, https:\/\/vinasfm.com\/noticias\/wp-content\/uploads\/2026\/02\/IMG-20260223-WA0015-300x200.jpg 300w, https:\/\/vinasfm.com\/noticias\/wp-content\/uploads\/2026\/02\/IMG-20260223-WA0015-768x512.jpg 768w, https:\/\/vinasfm.com\/noticias\/wp-content\/uploads\/2026\/02\/IMG-20260223-WA0015-1536x1023.jpg 1536w, https:\/\/vinasfm.com\/noticias\/wp-content\/uploads\/2026\/02\/IMG-20260223-WA0015.jpg 1600w\" sizes=\"auto, (max-width: 365px) 100vw, 365px\" \/><\/a> <a href=\"https:\/\/vinasfm.com\/noticias\/wp-content\/uploads\/2026\/02\/IMG-20260223-WA00161.jpg\"><img loading=\"lazy\" decoding=\"async\" class=\"alignnone  wp-image-157839\" src=\"https:\/\/vinasfm.com\/noticias\/wp-content\/uploads\/2026\/02\/IMG-20260223-WA00161-1024x682.jpg\" alt=\"\" width=\"365\" height=\"243\" srcset=\"https:\/\/vinasfm.com\/noticias\/wp-content\/uploads\/2026\/02\/IMG-20260223-WA00161-1024x682.jpg 1024w, https:\/\/vinasfm.com\/noticias\/wp-content\/uploads\/2026\/02\/IMG-20260223-WA00161-300x200.jpg 300w, https:\/\/vinasfm.com\/noticias\/wp-content\/uploads\/2026\/02\/IMG-20260223-WA00161-768x512.jpg 768w, https:\/\/vinasfm.com\/noticias\/wp-content\/uploads\/2026\/02\/IMG-20260223-WA00161-1536x1023.jpg 1536w, https:\/\/vinasfm.com\/noticias\/wp-content\/uploads\/2026\/02\/IMG-20260223-WA00161.jpg 1600w\" sizes=\"auto, (max-width: 365px) 100vw, 365px\" \/><\/a><\/p>\n<p>Por su parte, la concejal <span style=\"color: #003300;\"><strong>Gisela Bello<\/strong> <\/span>expres\u00f3: <em><strong>\u201cAlvear siempre hace visible esta fecha. Son herramientas para informar y acompa\u00f1ar a quienes transitan esta realidad\u201d<\/strong><\/em>. Asimismo, agradeci\u00f3 el trabajo conjunto de la Direcci\u00f3n de Deportes, el \u00e1rea de Salud, Municipio Saludable, Ni\u00f1ez y Adolescencia, instituciones y vecinos que se sumaron a la propuesta.<\/p>\n<p>Desde el Municipio valoraron la participaci\u00f3n de la comunidad y reafirmaron el compromiso de continuar promoviendo acciones de informaci\u00f3n y prevenci\u00f3n en torno a es ta tem\u00e1tica.<\/p>\n","protected":false},"excerpt":{"rendered":"<p>Este domingo 22 de febrero se desarroll\u00f3 en General Alvear una posta solidaria en el marco del D\u00eda Internacional de la &#8230;<\/p>\n","protected":false},"author":7,"featured_media":157841,"comment_status":"open","ping_status":"open","sticky":false,"template":"","format":"standard","meta":{"footnotes":""},"categories":[15,11],"tags":[],"class_list":["post-157838","post","type-post","status-publish","format-standard","has-post-thumbnail","hentry","category-salud","category-sociales"],"_links":{"self":[{"href":"https:\/\/vinasfm.com\/noticias\/wp-json\/wp\/v2\/posts\/157838","targetHints":{"allow":["GET"]}}],"collection":[{"href":"https:\/\/vinasfm.com\/noticias\/wp-json\/wp\/v2\/posts"}],"about":[{"href":"https:\/\/vinasfm.com\/noticias\/wp-json\/wp\/v2\/types\/post"}],"author":[{"embeddable":true,"href":"https:\/\/vinasfm.com\/noticias\/wp-json\/wp\/v2\/users\/7"}],"replies":[{"embeddable":true,"href":"https:\/\/vinasfm.com\/noticias\/wp-json\/wp\/v2\/comments?post=157838"}],"version-history":[{"count":2,"href":"https:\/\/vinasfm.com\/noticias\/wp-json\/wp\/v2\/posts\/157838\/revisions"}],"predecessor-version":[{"id":157843,"href":"https:\/\/vinasfm.com\/noticias\/wp-json\/wp\/v2\/posts\/157838\/revisions\/157843"}],"wp:featuredmedia":[{"embeddable":true,"href":"https:\/\/vinasfm.com\/noticias\/wp-json\/wp\/v2\/media\/157841"}],"wp:attachment":[{"href":"https:\/\/vinasfm.com\/noticias\/wp-json\/wp\/v2\/media?parent=157838"}],"wp:term":[{"taxonomy":"category","embeddable":true,"href":"https:\/\/vinasfm.com\/noticias\/wp-json\/wp\/v2\/categories?post=157838"},{"taxonomy":"post_tag","embeddable":true,"href":"https:\/\/vinasfm.com\/noticias\/wp-json\/wp\/v2\/tags?post=157838"}],"curies":[{"name":"wp","href":"https:\/\/api.w.org\/{rel}","templated":true}]}}