{"id":157829,"date":"2026-02-21T10:41:25","date_gmt":"2026-02-21T13:41:25","guid":{"rendered":"https:\/\/vinasfm.com\/noticias\/?p=157829"},"modified":"2026-02-24T10:30:22","modified_gmt":"2026-02-24T13:30:22","slug":"delincuentes-se-llevaron-una-bicicleta-en-pleno-centro-alvearense","status":"publish","type":"post","link":"https:\/\/vinasfm.com\/noticias\/delincuentes-se-llevaron-una-bicicleta-en-pleno-centro-alvearense\/","title":{"rendered":"DELINCUENTES SE LLEVARON UNA BICICLETA EN PLENO CENTRO ALVEARENSE"},"content":{"rendered":"<h4 data-start=\"45\" data-end=\"218\">Un hecho de inseguridad se registr\u00f3 el viernes por la noche en General Alvear, cuando delincuentes sustrajeron una bicicleta que se encontraba estacionada en un bicicletero.<\/h4>\n<p data-start=\"220\" data-end=\"406\">El episodio ocurri\u00f3 alrededor de las 23:55 en Av. Alvear Oeste 70. <strong>La v\u00edctima, identificada como R. P., de 23 a\u00f1os, dej\u00f3 su bicicleta marca Fire Bird, rodado 29, asegurada en el lugar.<\/strong><\/p>\n<p data-start=\"408\" data-end=\"567\">Seg\u00fan la informaci\u00f3n brindada, al regresar horas m\u00e1s tarde la joven constat\u00f3 que autores ignorados hab\u00edan cortado la cadena de seguridad y sustra\u00eddo el rodado.<\/p>\n<p data-start=\"569\" data-end=\"655\" data-is-last-node=\"\" data-is-only-node=\"\">Por el hecho se labran las actuaciones correspondientes para dar con los responsables.<\/p>\n","protected":false},"excerpt":{"rendered":"<p>Un hecho de inseguridad se registr\u00f3 el viernes por la noche en General Alvear, cuando delincuentes sustrajeron una bicicleta que se &#8230;<\/p>\n","protected":false},"author":7,"featured_media":144030,"comment_status":"open","ping_status":"open","sticky":false,"template":"","format":"standard","meta":{"footnotes":""},"categories":[201,4],"tags":[],"class_list":["post-157829","post","type-post","status-publish","format-standard","has-post-thumbnail","hentry","category-inseguridad","category-policiales"],"_links":{"self":[{"href":"https:\/\/vinasfm.com\/noticias\/wp-json\/wp\/v2\/posts\/157829","targetHints":{"allow":["GET"]}}],"collection":[{"href":"https:\/\/vinasfm.com\/noticias\/wp-json\/wp\/v2\/posts"}],"about":[{"href":"https:\/\/vinasfm.com\/noticias\/wp-json\/wp\/v2\/types\/post"}],"author":[{"embeddable":true,"href":"https:\/\/vinasfm.com\/noticias\/wp-json\/wp\/v2\/users\/7"}],"replies":[{"embeddable":true,"href":"https:\/\/vinasfm.com\/noticias\/wp-json\/wp\/v2\/comments?post=157829"}],"version-history":[{"count":2,"href":"https:\/\/vinasfm.com\/noticias\/wp-json\/wp\/v2\/posts\/157829\/revisions"}],"predecessor-version":[{"id":157831,"href":"https:\/\/vinasfm.com\/noticias\/wp-json\/wp\/v2\/posts\/157829\/revisions\/157831"}],"wp:featuredmedia":[{"embeddable":true,"href":"https:\/\/vinasfm.com\/noticias\/wp-json\/wp\/v2\/media\/144030"}],"wp:attachment":[{"href":"https:\/\/vinasfm.com\/noticias\/wp-json\/wp\/v2\/media?parent=157829"}],"wp:term":[{"taxonomy":"category","embeddable":true,"href":"https:\/\/vinasfm.com\/noticias\/wp-json\/wp\/v2\/categories?post=157829"},{"taxonomy":"post_tag","embeddable":true,"href":"https:\/\/vinasfm.com\/noticias\/wp-json\/wp\/v2\/tags?post=157829"}],"curies":[{"name":"wp","href":"https:\/\/api.w.org\/{rel}","templated":true}]}}