{"id":157820,"date":"2026-02-21T10:12:19","date_gmt":"2026-02-21T13:12:19","guid":{"rendered":"https:\/\/vinasfm.com\/noticias\/?p=157820"},"modified":"2026-02-23T10:21:33","modified_gmt":"2026-02-23T13:21:33","slug":"entrega-de-certificados-por-capacitaciones-virtuales","status":"publish","type":"post","link":"https:\/\/vinasfm.com\/noticias\/entrega-de-certificados-por-capacitaciones-virtuales\/","title":{"rendered":"SE REALIZ\u00d3 LA ENTREGA DE CERTIFICADOS POR CAPACITACIONES VIRTUALES"},"content":{"rendered":"<p><span style=\"color: #003300;\"><strong>Este viernes se realiz\u00f3 la entrega de certificados a 84 alvearenses que completaron las capacitaciones virtuales de \u201cInteligencia Artificial, Redes Sociales y Marketing Digital\u201d y \u201cRedes que Facturan\u201d, propuestas impulsadas desde la Direcci\u00f3n de Educaci\u00f3n en convenio con la Universidad Nacional de Cuyo.<\/strong><\/span><\/p>\n<p>Las formaciones, de acceso gratuito, contaron con alrededor de 100 inscriptos y se desarrollaron bajo modalidad online, con acompa\u00f1amiento del equipo educativo local.<\/p>\n<p>El <em>director de Educaci\u00f3n<\/em>, <span style=\"color: #003366;\"><strong>Jos\u00e9 Mor\u00e1n<\/strong><\/span>, se\u00f1al\u00f3: <em><strong>\u201ciniciamos un programa de capacitaciones y firmamos un convenio con la UNCuyo\u201d<\/strong><\/em>. Adem\u00e1s, remarc\u00f3: <em><strong>\u201crecib\u00edamos pedidos del sector educativo y tambi\u00e9n de comercios, principalmente sobre redes sociales e inteligencia artificial\u201d<\/strong><\/em>.<\/p>\n<p>Sobre los resultados, precis\u00f3: <em><strong>\u201choy 84 personas reciben su certificado y vamos a continuar con nuevas propuestas durante 2026\u201d<\/strong><\/em>.<\/p>\n<p>Por su parte, <span style=\"color: #003366;\"><strong>Patricia Cerezo<\/strong><\/span>, <em>de la UNCuyo<\/em>, expres\u00f3: <em><strong>\u201ces muy gratificante llegar a la entrega de certificados\u201d<\/strong><\/em>. Y agreg\u00f3: <em><strong>\u201cla tem\u00e1tica fue muy bien recibida y m\u00e1s de 84 personas finalizaron el cursado\u201d.<\/strong><\/em><\/p>\n<p>Entre los participantes, Nazarena destac\u00f3: <em><strong>\u201cfue muy pr\u00e1ctico y lo pod\u00e9s hacer a tu tiempo\u201d<\/strong><\/em>. Mat\u00edas Ikaczijk afirm\u00f3: <em><strong>\u201cme ayuda mucho para crear contenido y aplicarlo a mis proyectos\u201d.<\/strong><\/em> En tanto, Andrea Favatela se\u00f1al\u00f3: <em><strong>\u201clo apliqu\u00e9 en mis ventas y se nota el cambio\u201d.<\/strong><\/em><\/p>\n<p>Desde la organizaci\u00f3n indicaron que ya se trabaja en nuevas instancias de formaci\u00f3n para ampliar oportunidades de capacitaci\u00f3n en el departamento.<\/p>\n","protected":false},"excerpt":{"rendered":"<p>Este viernes se realiz\u00f3 la entrega de certificados a 84 alvearenses que completaron las capacitaciones virtuales de \u201cInteligencia Artificial, Redes Sociales &#8230;<\/p>\n","protected":false},"author":7,"featured_media":157821,"comment_status":"open","ping_status":"open","sticky":false,"template":"","format":"standard","meta":{"footnotes":""},"categories":[10,18],"tags":[],"class_list":["post-157820","post","type-post","status-publish","format-standard","has-post-thumbnail","hentry","category-destacadas","category-educacion"],"_links":{"self":[{"href":"https:\/\/vinasfm.com\/noticias\/wp-json\/wp\/v2\/posts\/157820","targetHints":{"allow":["GET"]}}],"collection":[{"href":"https:\/\/vinasfm.com\/noticias\/wp-json\/wp\/v2\/posts"}],"about":[{"href":"https:\/\/vinasfm.com\/noticias\/wp-json\/wp\/v2\/types\/post"}],"author":[{"embeddable":true,"href":"https:\/\/vinasfm.com\/noticias\/wp-json\/wp\/v2\/users\/7"}],"replies":[{"embeddable":true,"href":"https:\/\/vinasfm.com\/noticias\/wp-json\/wp\/v2\/comments?post=157820"}],"version-history":[{"count":2,"href":"https:\/\/vinasfm.com\/noticias\/wp-json\/wp\/v2\/posts\/157820\/revisions"}],"predecessor-version":[{"id":157863,"href":"https:\/\/vinasfm.com\/noticias\/wp-json\/wp\/v2\/posts\/157820\/revisions\/157863"}],"wp:featuredmedia":[{"embeddable":true,"href":"https:\/\/vinasfm.com\/noticias\/wp-json\/wp\/v2\/media\/157821"}],"wp:attachment":[{"href":"https:\/\/vinasfm.com\/noticias\/wp-json\/wp\/v2\/media?parent=157820"}],"wp:term":[{"taxonomy":"category","embeddable":true,"href":"https:\/\/vinasfm.com\/noticias\/wp-json\/wp\/v2\/categories?post=157820"},{"taxonomy":"post_tag","embeddable":true,"href":"https:\/\/vinasfm.com\/noticias\/wp-json\/wp\/v2\/tags?post=157820"}],"curies":[{"name":"wp","href":"https:\/\/api.w.org\/{rel}","templated":true}]}}