{"id":157817,"date":"2026-02-21T09:49:43","date_gmt":"2026-02-21T12:49:43","guid":{"rendered":"https:\/\/vinasfm.com\/noticias\/?p=157817"},"modified":"2026-02-23T10:22:22","modified_gmt":"2026-02-23T13:22:22","slug":"las-reinas-de-adultos-mayores-de-vendimia-2026-fueron-distinguidas-en-el-teatro-independencia","status":"publish","type":"post","link":"https:\/\/vinasfm.com\/noticias\/las-reinas-de-adultos-mayores-de-vendimia-2026-fueron-distinguidas-en-el-teatro-independencia\/","title":{"rendered":"LAS REINAS DE ADULTOS MAYORES DE VENDIMIA 2026 FUERON DISTINGUIDAS EN EL TEATRO INDEPENDENCIA"},"content":{"rendered":"<h4 class=\"wp-block-heading\"><span style=\"color: #003300;\"><strong>La ceremonia se realiz\u00f3 en honor a las representantes de las personas mayores de toda la provincia.<\/strong><\/span><\/h4>\n<p>La Subsecretar\u00eda de Cultura de Mendoza, junto con la<em> Direcci\u00f3n Provincial de Adultos Mayores<\/em>, dependiente del <strong>Ministerio de Salud y Deportes<\/strong>, homenaje\u00f3 ayer a las reinas de Adultos Mayores de Vendimia 2026 en el Teatro Independencia.<strong> El acto se enmarca en las celebraciones oficiales por los 90 a\u00f1os de la Fiesta Nacional de la Vendimia, reafirmando el car\u00e1cter federal y participativo que distingue a esta tradicional celebraci\u00f3n.<\/strong><\/p>\n<p>En este contexto, el reconocimiento puso en valor no solo la representaci\u00f3n simb\u00f3lica de las soberanas, sino tambi\u00e9n su compromiso, sus trayectorias de vida y su aporte a la construcci\u00f3n de la identidad mendocina.<\/p>\n<p>Durante la ceremonia, autoridades provinciales <span style=\"color: #003366;\"><strong>Diego Gareca<\/strong><\/span>, subsecretario de Cultura; <strong><span style=\"color: #003366;\">Laura Uano<\/span><\/strong>, directora de Gesti\u00f3n Territorial; <span style=\"color: #003366;\"><strong>Lucas Luppo<\/strong><\/span>, director provincial de Adultos Mayores; <span style=\"color: #003366;\"><strong>Laura Beningazza<\/strong><\/span>, directora de Actividades Art\u00edsticas;\u00a0y la reina y virreina nacionales de la Vendimia 2025, <strong><span style=\"color: #003366;\">Alejandrina Funes<\/span> <\/strong>y <span style=\"color: #003366;\"><strong>Sof\u00eda Perfumo<\/strong><\/span>, entregaron las distinciones Delia Larrive Escudero, en un gesto institucional que destac\u00f3 la importancia de las personas mayores dentro del entramado cultural y social de la provincia. <strong>El acto cont\u00f3 adem\u00e1s con la presencia de autoridades departamentales, familiares y p\u00fablico en general, y culmin\u00f3 con n\u00fameros art\u00edsticos que dieron cierre a un emotivo encuentro.<\/strong><\/p>\n<p>El subsecretario de Cultura, Diego Gareca, expres\u00f3 que <strong><em>\u201chace nueve d\u00e9cadas Mendoza pensaba una celebraci\u00f3n de vanguardia que, con el tiempo, se transform\u00f3 en tradici\u00f3n: una fiesta que nos permiti\u00f3 afirmar nuestras identidades, afectos y emociones y que sigue viva en el sentir popular\u201d.<\/em><\/strong><\/p>\n<p>Adem\u00e1s, se\u00f1al\u00f3 que <em><strong>\u201cesta Vendimia est\u00e1 atravesada por el reconocimiento y el agradecimiento, valores que muchas generaciones nos han legado y que hoy necesitamos recuperar para fortalecer la solidaridad y los v\u00ednculos humanos\u201d<\/strong><\/em>.<\/p>\n<p>Finalmente, remarc\u00f3: <em><strong>\u201cQueremos que las familias de las reinas sientan orgullo por esas mujeres que decidieron transitar este camino. La Vendimia es el coraz\u00f3n que late en cada mendocino y mendocina y, por eso, institucionalizamos estos reconocimientos que llevan el nombre de Delia Larrive Escudero\u201d.<\/strong><\/em><\/p>\n<p>Por su parte, el director de Adultos Mayores, Lucas Luppo, manifest\u00f3: <strong><em>\u201cCon mucha emoci\u00f3n aceptamos esta convocatoria porque todas las mujeres que han sido y son reinas de adultos mayores merecen un homenaje tan especial como el que hoy est\u00e1n viviendo\u201d.<\/em><\/strong><\/p>\n<p>Asimismo, destac\u00f3 que <em><strong>\u201cnuestras reinas no representan estereotipos de belleza, sino mujeres activas, con experiencias, proyectos y ganas de seguir disfrutando cada etapa de la vida. Este reconocimiento est\u00e1 pensado con mucho coraz\u00f3n y alegr\u00eda, para que puedan disfrutar plenamente este momento y contin\u00faen participando y fortaleciendo los grupos que se han construido a lo largo del tiempo\u201d.<\/strong><\/em><\/p>\n<p>Luego, las homenajeadas fueron invitadas a subir al escenario, donde las autoridades provinciales entregaron los reconocimientos a la reina provincial de Adultos Mayores 2026, Gladys Do\u00f1a, representante del departamento de Capital, y a la virreina provincial de Adultos Mayores 2026, Gladys Fern\u00e1ndez, representante de Lavalle. Tambi\u00e9n recibieron sus distinciones las reinas departamentales de Adultos Mayores 2026: <strong>Raquel Lucero<\/strong> (General Alvear),<strong> Liliana Caruso<\/strong> (Godoy Cruz), <strong>Estela Cicchinello<\/strong> (Guaymall\u00e9n), <strong>Rosana Escobar<\/strong> (Jun\u00edn), <strong>Rosa D\u00edaz<\/strong> (La Paz),<strong> Graciela Aguilera<\/strong> (Las Heras), <strong>Eliana Pil\u00f3n<\/strong> (Luj\u00e1n), <strong>Mabel L\u00f3pez<\/strong> (Maip\u00fa),<strong> Isidora Ayala<\/strong> (Malarg\u00fce), <strong>Lourdes Arias<\/strong> (Rivadavia), <strong>Mirta Mart\u00ednez<\/strong> (San Carlos), <strong>Patricia Hure<\/strong> (San Mart\u00edn), <strong>Nilda Olivares<\/strong> (San Rafael), <strong>In\u00e9s Mor\u00e1n<\/strong> (Santa Rosa), <strong>Leonor Ardiles<\/strong> (Tunuy\u00e1n) y <strong>Gloria Britos<\/strong> (Tupungato).<\/p>\n<p><img decoding=\"async\" src=\"https:\/\/mza-dicaws-portal-uploads-media-prod.s3.amazonaws.com\/prensa\/uploads\/2026\/02\/Reconocimiento-reinas-adultos-mayores-1-1200x810.jpg\" \/><\/p>\n<h2><strong>Distinci\u00f3n Delia Larrive Escudero<\/strong><\/h2>\n<p>Con el objetivo de reconocer a quienes, desde distintos roles, sostienen y enriquecen la Fiesta Nacional de la Vendimia, se instituy\u00f3 esta Menci\u00f3n Especial que trasciende el homenaje simb\u00f3lico para convertirse en una acci\u00f3n con sentido social y proyecci\u00f3n futura.<\/p>\n<p>El galard\u00f3n propone un di\u00e1logo entre cultura, creatividad y conciencia ambiental. Elaborado a partir de materiales tecnol\u00f3gicos reciclados y biomateriales regenerados \u2014provenientes de desechos de la industria vitivin\u00edcola y de vasijas en desuso\u2014, expresa la idea de transformaci\u00f3n permanente y renovaci\u00f3n, valores profundamente ligados a la vitivinicultura y a la identidad mendocina.<\/p>\n<p>La distinci\u00f3n lleva la imagen de Delia Larrive Escudero, primera reina de la Vendimia, como s\u00edmbolo del origen de una tradici\u00f3n que, a lo largo de nueve d\u00e9cadas, ha sabido renovarse sin perder sus ra\u00edces. Su figura representa el legado cultural que invita a preservar la memoria colectiva y proyectarla hacia el futuro con responsabilidad y compromiso.<\/p>\n<p>De esta manera, el homenaje a las reinas de Adultos Mayores de Vendimia 2026 se consolid\u00f3 como un espacio de encuentro, reconocimiento y celebraci\u00f3n colectiva, poniendo en primer plano el rol activo de las personas mayores en la vida cultural de Mendoza y reafirmando el compromiso institucional de promover una Vendimia inclusiva, diversa y representativa, que valore las trayectorias, la memoria y el aporte de cada generaci\u00f3n a la identidad provincial.<\/p>\n","protected":false},"excerpt":{"rendered":"<p>La ceremonia se realiz\u00f3 en honor a las representantes de las personas mayores de toda la provincia. La Subsecretar\u00eda de Cultura &#8230;<\/p>\n","protected":false},"author":7,"featured_media":157818,"comment_status":"open","ping_status":"open","sticky":false,"template":"","format":"standard","meta":{"footnotes":""},"categories":[19,25],"tags":[],"class_list":["post-157817","post","type-post","status-publish","format-standard","has-post-thumbnail","hentry","category-cultura","category-vendimia"],"_links":{"self":[{"href":"https:\/\/vinasfm.com\/noticias\/wp-json\/wp\/v2\/posts\/157817","targetHints":{"allow":["GET"]}}],"collection":[{"href":"https:\/\/vinasfm.com\/noticias\/wp-json\/wp\/v2\/posts"}],"about":[{"href":"https:\/\/vinasfm.com\/noticias\/wp-json\/wp\/v2\/types\/post"}],"author":[{"embeddable":true,"href":"https:\/\/vinasfm.com\/noticias\/wp-json\/wp\/v2\/users\/7"}],"replies":[{"embeddable":true,"href":"https:\/\/vinasfm.com\/noticias\/wp-json\/wp\/v2\/comments?post=157817"}],"version-history":[{"count":2,"href":"https:\/\/vinasfm.com\/noticias\/wp-json\/wp\/v2\/posts\/157817\/revisions"}],"predecessor-version":[{"id":157834,"href":"https:\/\/vinasfm.com\/noticias\/wp-json\/wp\/v2\/posts\/157817\/revisions\/157834"}],"wp:featuredmedia":[{"embeddable":true,"href":"https:\/\/vinasfm.com\/noticias\/wp-json\/wp\/v2\/media\/157818"}],"wp:attachment":[{"href":"https:\/\/vinasfm.com\/noticias\/wp-json\/wp\/v2\/media?parent=157817"}],"wp:term":[{"taxonomy":"category","embeddable":true,"href":"https:\/\/vinasfm.com\/noticias\/wp-json\/wp\/v2\/categories?post=157817"},{"taxonomy":"post_tag","embeddable":true,"href":"https:\/\/vinasfm.com\/noticias\/wp-json\/wp\/v2\/tags?post=157817"}],"curies":[{"name":"wp","href":"https:\/\/api.w.org\/{rel}","templated":true}]}}