{"id":157813,"date":"2026-02-20T10:15:56","date_gmt":"2026-02-20T13:15:56","guid":{"rendered":"https:\/\/vinasfm.com\/noticias\/?p=157813"},"modified":"2026-02-23T08:55:01","modified_gmt":"2026-02-23T11:55:01","slug":"general-alvear-avanza-con-el-plan-de-asfaltado-de-calles","status":"publish","type":"post","link":"https:\/\/vinasfm.com\/noticias\/general-alvear-avanza-con-el-plan-de-asfaltado-de-calles\/","title":{"rendered":"GENERAL ALVEAR AVANZA CON EL PLAN DE ASFALTADO DE CALLES"},"content":{"rendered":"<h4><span style=\"color: #003300;\"><strong>Contin\u00faa el plan de asfaltado en distintos puntos del departamento, dando respuesta a pedidos de vecinos y productores.<\/strong><\/span><\/h4>\n<p>En este marco, se trabaja actualmente en Calle E, en una tarea articulada con la Direcci\u00f3n Provincial de Vialidad.<\/p>\n<p>El <em>director de Obras P\u00fablicas<\/em>, <span style=\"color: #003366;\"><strong>Mauricio Mart\u00ednez<\/strong><\/span>, destac\u00f3: <em><strong>\u201cesto es un trabajo que se est\u00e1 realizando en conjunto con la Municipalidad y gente de Vialidad\u201d.<\/strong><\/em><\/p>\n<p>La intervenci\u00f3n comprende mil metros de asfalto y un espesor de entre cuatro y cinco cent\u00edmetros. <em><strong>\u201cEst\u00e1 quedando el asfalto nuevo y la gente lo va a disfrutar mucho, sobre todo quienes trabajan en la finca\u201d<\/strong><\/em>, se\u00f1al\u00f3. Asimismo, adelant\u00f3 que el plan continuar\u00e1 en Calle C, entre 14 y 16.<\/p>\n<p>Finalmente, Mart\u00ednez remarc\u00f3 la importancia del trabajo conjunto y pidi\u00f3 paciencia a la comunidad: <strong><em>\u201ctrabajar en equipo es sumamente importante para lograr los objetivos, pedirle a la gente tener paciencia, ya que despu\u00e9s de tantos a\u00f1os sin mantenimiento, hay mucho trabajo por hacer y la idea es seguir avanzando\u201d.<\/em><\/strong><\/p>\n","protected":false},"excerpt":{"rendered":"<p>Contin\u00faa el plan de asfaltado en distintos puntos del departamento, dando respuesta a pedidos de vecinos y productores. En este marco, &#8230;<\/p>\n","protected":false},"author":7,"featured_media":157814,"comment_status":"open","ping_status":"open","sticky":false,"template":"","format":"standard","meta":{"footnotes":""},"categories":[29,79],"tags":[],"class_list":["post-157813","post","type-post","status-publish","format-standard","has-post-thumbnail","hentry","category-obras-y-servicios","category-vialidad"],"_links":{"self":[{"href":"https:\/\/vinasfm.com\/noticias\/wp-json\/wp\/v2\/posts\/157813","targetHints":{"allow":["GET"]}}],"collection":[{"href":"https:\/\/vinasfm.com\/noticias\/wp-json\/wp\/v2\/posts"}],"about":[{"href":"https:\/\/vinasfm.com\/noticias\/wp-json\/wp\/v2\/types\/post"}],"author":[{"embeddable":true,"href":"https:\/\/vinasfm.com\/noticias\/wp-json\/wp\/v2\/users\/7"}],"replies":[{"embeddable":true,"href":"https:\/\/vinasfm.com\/noticias\/wp-json\/wp\/v2\/comments?post=157813"}],"version-history":[{"count":1,"href":"https:\/\/vinasfm.com\/noticias\/wp-json\/wp\/v2\/posts\/157813\/revisions"}],"predecessor-version":[{"id":157815,"href":"https:\/\/vinasfm.com\/noticias\/wp-json\/wp\/v2\/posts\/157813\/revisions\/157815"}],"wp:featuredmedia":[{"embeddable":true,"href":"https:\/\/vinasfm.com\/noticias\/wp-json\/wp\/v2\/media\/157814"}],"wp:attachment":[{"href":"https:\/\/vinasfm.com\/noticias\/wp-json\/wp\/v2\/media?parent=157813"}],"wp:term":[{"taxonomy":"category","embeddable":true,"href":"https:\/\/vinasfm.com\/noticias\/wp-json\/wp\/v2\/categories?post=157813"},{"taxonomy":"post_tag","embeddable":true,"href":"https:\/\/vinasfm.com\/noticias\/wp-json\/wp\/v2\/tags?post=157813"}],"curies":[{"name":"wp","href":"https:\/\/api.w.org\/{rel}","templated":true}]}}