{"id":157775,"date":"2026-02-19T09:19:43","date_gmt":"2026-02-19T12:19:43","guid":{"rendered":"https:\/\/vinasfm.com\/noticias\/?p=157775"},"modified":"2026-02-23T09:03:12","modified_gmt":"2026-02-23T12:03:12","slug":"el-plan-provincial-de-manejo-del-fuego-reforzo-controles-durante-el-feriado-de-carnaval","status":"publish","type":"post","link":"https:\/\/vinasfm.com\/noticias\/el-plan-provincial-de-manejo-del-fuego-reforzo-controles-durante-el-feriado-de-carnaval\/","title":{"rendered":"EL PLAN PROVINCIAL DE MANEJO DEL FUEGO REFORZ\u00d3 CONTROLES DURANTE EL FERIADO DE CARNAVAL"},"content":{"rendered":"<h4 class=\"wp-block-heading\"><span style=\"color: #003300;\"><strong>Durante el fin de semana largo se desplegaron operativos especiales en zonas estrat\u00e9gicas de la provincia, con 450 veh\u00edculos controlados, 180 personas entrevistadas, 35 intervenciones preventivas y la advertencia de que encender fuego en \u00e1reas no autorizadas puede derivar en multas de hasta $70 millones.<\/strong><\/span><\/h4>\n<p>El<strong> Plan Provincial de Manejo del Fuego<\/strong>, dependiente del Ministerio de Energ\u00eda y Ambiente, intensific\u00f3 las tareas de prevenci\u00f3n y fiscalizaci\u00f3n durante el feriado de Carnaval y record\u00f3 que encender fuego en zonas no autorizadas puede implicar multas de hasta $70 millones, conforme a la normativa vigente.<\/p>\n<p>Como resultado, se controlaron 450 veh\u00edculos, se realizaron 180 entrevistas a personas, se labr\u00f3 un acta y se efectuaron 35 intervenciones preventivas con fuegos apagados en el lugar.<\/p>\n<p><em><strong>\u201cLas acciones estuvieron orientadas a reducir situaciones de riesgo en zonas urbano-rurales y sectores del piedemonte, donde las altas temperaturas y la baja humedad incrementan la probabilidad de focos \u00edgneos\u201d<\/strong><\/em>, record\u00f3 el<em> coordinador del Plan Provincial de Manejo del Fuego<\/em>,<span style=\"color: #003366;\"><strong> Diego Mart\u00ed<\/strong><\/span>.<\/p>\n<p>Desde el organismo destacaron que las intervenciones preventivas permitieron neutralizar potenciales incendios antes de que se propagaran, evitando da\u00f1os ambientales, econ\u00f3micos y riesgos para la poblaci\u00f3n.<\/p>\n<p><a href=\"https:\/\/vinasfm.com\/noticias\/wp-content\/uploads\/2026\/02\/Plan-Manejo-de-Fuego-e1766497258163.jpeg\"><img loading=\"lazy\" decoding=\"async\" class=\"alignnone size-full wp-image-157776\" src=\"https:\/\/vinasfm.com\/noticias\/wp-content\/uploads\/2026\/02\/Plan-Manejo-de-Fuego-e1766497258163.jpeg\" alt=\"\" width=\"867\" height=\"490\" srcset=\"https:\/\/vinasfm.com\/noticias\/wp-content\/uploads\/2026\/02\/Plan-Manejo-de-Fuego-e1766497258163.jpeg 867w, https:\/\/vinasfm.com\/noticias\/wp-content\/uploads\/2026\/02\/Plan-Manejo-de-Fuego-e1766497258163-300x170.jpeg 300w, https:\/\/vinasfm.com\/noticias\/wp-content\/uploads\/2026\/02\/Plan-Manejo-de-Fuego-e1766497258163-768x434.jpeg 768w\" sizes=\"auto, (max-width: 867px) 100vw, 867px\" \/><\/a><\/p>\n<p><strong>Refuerzo operativo para la temporada estival<\/strong><\/p>\n<p>En el marco del fortalecimiento de su capacidad operativa para el verano, el Plan Provincial de Manejo del Fuego incorpor\u00f3 recursos estrat\u00e9gicos destinados a mejorar la rapidez y efectividad de respuesta ante posibles incendios forestales.<\/p>\n<p>En septiembre, la Provincia inaugur\u00f3 la base operativa de La Paz, infraestructura estrat\u00e9gica destinada a fortalecer la prevenci\u00f3n y la respuesta ante incendios en el Este mendocino. Esta obra integra un programa provincial que tambi\u00e9n contempla las bases de Monte Com\u00e1n y \u00d1acu\u00f1\u00e1n, consolidando una red operativa que mejora la cobertura territorial y la capacidad de intervenci\u00f3n en toda la provincia.<\/p>\n<p><strong>Recomendaciones a la ciudadan\u00eda<\/strong><\/p>\n<p>El Ministerio de Energ\u00eda y Ambiente record\u00f3 que durante los meses de altas temperaturas es fundamental extremar las medidas de prevenci\u00f3n para evitar incendios.<\/p>\n<p>Entre las principales recomendaciones se encuentran:<\/p>\n<p>\u2022 Evitar encender fuego en lugares no autorizados. Est\u00e1 prohibido quemar pastizales, basura, lotes, fincas abandonadas, banquinas, acequias, canales, campos incultos y remanentes de siembra.<br \/>\n\u2022 No arrojar colillas de cigarrillo ni f\u00f3sforos encendidos en zonas rurales.<br \/>\n\u2022 No tirar basura, envases de vidrio, materiales inflamables u objetos encendidos en rutas y caminos.<br \/>\n\u2022 En \u00e1reas habilitadas, como quinchos o campings, asegurarse de extinguir completamente las fogatas.<br \/>\n\u2022 Almacenar productos inflamables en lugares ventilados y lejos de fuentes de calor.<br \/>\n\u2022 Evitar la acumulaci\u00f3n de residuos en \u00e1reas de trabajo.<br \/>\n\u2022 Ante la presencia de personas encendiendo fuego en sitios no habilitados, dar aviso inmediato al 911.<\/p>\n<p>Desde el Plan Provincial de Manejo del Fuego se\u00f1alaron que la prevenci\u00f3n y la responsabilidad individual resultan claves para reducir el riesgo de incendios forestales y proteger tanto el patrimonio ambiental como la seguridad de las comunidades mendocinas.<\/p>\n","protected":false},"excerpt":{"rendered":"<p>Durante el fin de semana largo se desplegaron operativos especiales en zonas estrat\u00e9gicas de la provincia, con 450 veh\u00edculos controlados, 180 &#8230;<\/p>\n","protected":false},"author":7,"featured_media":157777,"comment_status":"open","ping_status":"open","sticky":false,"template":"","format":"standard","meta":{"footnotes":""},"categories":[5,10],"tags":[],"class_list":["post-157775","post","type-post","status-publish","format-standard","has-post-thumbnail","hentry","category-actualidad","category-destacadas"],"_links":{"self":[{"href":"https:\/\/vinasfm.com\/noticias\/wp-json\/wp\/v2\/posts\/157775","targetHints":{"allow":["GET"]}}],"collection":[{"href":"https:\/\/vinasfm.com\/noticias\/wp-json\/wp\/v2\/posts"}],"about":[{"href":"https:\/\/vinasfm.com\/noticias\/wp-json\/wp\/v2\/types\/post"}],"author":[{"embeddable":true,"href":"https:\/\/vinasfm.com\/noticias\/wp-json\/wp\/v2\/users\/7"}],"replies":[{"embeddable":true,"href":"https:\/\/vinasfm.com\/noticias\/wp-json\/wp\/v2\/comments?post=157775"}],"version-history":[{"count":1,"href":"https:\/\/vinasfm.com\/noticias\/wp-json\/wp\/v2\/posts\/157775\/revisions"}],"predecessor-version":[{"id":157778,"href":"https:\/\/vinasfm.com\/noticias\/wp-json\/wp\/v2\/posts\/157775\/revisions\/157778"}],"wp:featuredmedia":[{"embeddable":true,"href":"https:\/\/vinasfm.com\/noticias\/wp-json\/wp\/v2\/media\/157777"}],"wp:attachment":[{"href":"https:\/\/vinasfm.com\/noticias\/wp-json\/wp\/v2\/media?parent=157775"}],"wp:term":[{"taxonomy":"category","embeddable":true,"href":"https:\/\/vinasfm.com\/noticias\/wp-json\/wp\/v2\/categories?post=157775"},{"taxonomy":"post_tag","embeddable":true,"href":"https:\/\/vinasfm.com\/noticias\/wp-json\/wp\/v2\/tags?post=157775"}],"curies":[{"name":"wp","href":"https:\/\/api.w.org\/{rel}","templated":true}]}}