{"id":157772,"date":"2026-02-19T09:15:22","date_gmt":"2026-02-19T12:15:22","guid":{"rendered":"https:\/\/vinasfm.com\/noticias\/?p=157772"},"modified":"2026-02-23T09:03:31","modified_gmt":"2026-02-23T12:03:31","slug":"paseo-federal-2026-un-encuentro-con-la-tradicion-y-la-identidad-de-mendoza","status":"publish","type":"post","link":"https:\/\/vinasfm.com\/noticias\/paseo-federal-2026-un-encuentro-con-la-tradicion-y-la-identidad-de-mendoza\/","title":{"rendered":"PASEO FEDERAL 2026: UN ENCUENTRO CON LA TRADICI\u00d3N Y LA IDENTIDAD DE MENDOZA"},"content":{"rendered":"<h4 class=\"wp-block-heading\"><span style=\"color: #003366;\">Desde el lunes 23 y hasta el mi\u00e9rcoles 25, a partir de las 19, se llevar\u00e1 a cabo en el predio verde de Polideportivo Municipal de Lavalle (Villa Tulumaya). La entrada ser\u00e1 libre y gratuita.<\/span><\/h4>\n<p>Paseo Federal integra las actividades programadas en el calendario vendimial y est\u00e1 organizado por el Ministerio de Educaci\u00f3n, Cultura, Infancias y DGE, a trav\u00e9s de la Subsecretar\u00eda de Cultura y la Municipalidad de Lavalle, en coordinaci\u00f3n con los 18 municipios provinciales.<\/p>\n<p>Como antesala de la <span style=\"color: #993366;\"><strong>Fiesta Nacional de la Vendimia<\/strong><\/span>, a lo largo de tres d\u00edas, el\u00a0Paseo\u00a0Federal\u00a0ser\u00e1 el escenario perfecto para que cada departamento de Mendoza exhiba su cultura, tradiciones y gastronom\u00eda. Adem\u00e1s, habr\u00e1 patio de comidas y stands de artesanos.<\/p>\n<p>Se trata de una actividad netamente federal, ya que participan los dieciocho departamentos de la provincia con una amplia variedad de actividades, que incluyen danzas folcl\u00f3ricas, presentaciones art\u00edsticas, m\u00fasica en vivo y mucho m\u00e1s.<\/p>\n<p><strong>Cronograma:<\/strong><\/p>\n<p><strong>Lunes 23<\/strong><\/p>\n<ul class=\"wp-block-list\">\n<li>Guaymall\u00e9n<\/li>\n<li>San Rafael<\/li>\n<li>Luj\u00e1n de Cuyo<\/li>\n<li>Tupungato<\/li>\n<li>Godoy Cruz<\/li>\n<li>San Mart\u00edn<\/li>\n<\/ul>\n<p><strong>Martes 24<\/strong><\/p>\n<ul class=\"wp-block-list\">\n<li>General Alvear<\/li>\n<li>La Paz<\/li>\n<li>Jun\u00edn<\/li>\n<li>Tunuy\u00e1n<\/li>\n<li>Ciudad de Mendoza<\/li>\n<li>San Carlos<\/li>\n<\/ul>\n<p><strong>Mi\u00e9rcoles 25<\/strong><\/p>\n<ul class=\"wp-block-list\">\n<li>Malarg\u00fce<\/li>\n<li>Lavalle<\/li>\n<li>Las Heras<\/li>\n<li>Maip\u00fa<\/li>\n<li>Rivadavia<\/li>\n<li>Santa Rosa<\/li>\n<\/ul>\n<p>El\u00a0Paseo\u00a0Federal\u00a0es una invitaci\u00f3n a la comunidad para conocer la diversidad de nuestra provincia y ser parte de este gran encuentro cultural, que forma parte de la identidad de Mendoza.<\/p>\n","protected":false},"excerpt":{"rendered":"<p>Desde el lunes 23 y hasta el mi\u00e9rcoles 25, a partir de las 19, se llevar\u00e1 a cabo en el predio &#8230;<\/p>\n","protected":false},"author":7,"featured_media":157773,"comment_status":"open","ping_status":"open","sticky":false,"template":"","format":"standard","meta":{"footnotes":""},"categories":[19,25],"tags":[],"class_list":["post-157772","post","type-post","status-publish","format-standard","has-post-thumbnail","hentry","category-cultura","category-vendimia"],"_links":{"self":[{"href":"https:\/\/vinasfm.com\/noticias\/wp-json\/wp\/v2\/posts\/157772","targetHints":{"allow":["GET"]}}],"collection":[{"href":"https:\/\/vinasfm.com\/noticias\/wp-json\/wp\/v2\/posts"}],"about":[{"href":"https:\/\/vinasfm.com\/noticias\/wp-json\/wp\/v2\/types\/post"}],"author":[{"embeddable":true,"href":"https:\/\/vinasfm.com\/noticias\/wp-json\/wp\/v2\/users\/7"}],"replies":[{"embeddable":true,"href":"https:\/\/vinasfm.com\/noticias\/wp-json\/wp\/v2\/comments?post=157772"}],"version-history":[{"count":1,"href":"https:\/\/vinasfm.com\/noticias\/wp-json\/wp\/v2\/posts\/157772\/revisions"}],"predecessor-version":[{"id":157774,"href":"https:\/\/vinasfm.com\/noticias\/wp-json\/wp\/v2\/posts\/157772\/revisions\/157774"}],"wp:featuredmedia":[{"embeddable":true,"href":"https:\/\/vinasfm.com\/noticias\/wp-json\/wp\/v2\/media\/157773"}],"wp:attachment":[{"href":"https:\/\/vinasfm.com\/noticias\/wp-json\/wp\/v2\/media?parent=157772"}],"wp:term":[{"taxonomy":"category","embeddable":true,"href":"https:\/\/vinasfm.com\/noticias\/wp-json\/wp\/v2\/categories?post=157772"},{"taxonomy":"post_tag","embeddable":true,"href":"https:\/\/vinasfm.com\/noticias\/wp-json\/wp\/v2\/tags?post=157772"}],"curies":[{"name":"wp","href":"https:\/\/api.w.org\/{rel}","templated":true}]}}