{"id":157707,"date":"2026-02-14T10:05:00","date_gmt":"2026-02-14T13:05:00","guid":{"rendered":"https:\/\/vinasfm.com\/noticias\/?p=157707"},"modified":"2026-02-14T10:05:00","modified_gmt":"2026-02-14T13:05:00","slug":"la-secundaria-podra-terminarse-a-distancia","status":"publish","type":"post","link":"https:\/\/vinasfm.com\/noticias\/la-secundaria-podra-terminarse-a-distancia\/","title":{"rendered":"LA SECUNDARIA PODR\u00c1 TERMINARSE A DISTANCIA"},"content":{"rendered":"<h4 class=\"wp-block-heading\"><span style=\"color: #003300;\"><strong>La Direcci\u00f3n de Educaci\u00f3n Permanente de J\u00f3venes y Adultos implementa una modalidad virtual y flexible que ampl\u00eda el acceso y garantiza la terminalidad educativa.<\/strong><\/span><\/h4>\n<p>La<strong> Direcci\u00f3n de Educaci\u00f3n Permanente de J\u00f3venes y Adultos<\/strong> aprob\u00f3 la opci\u00f3n pedag\u00f3gica de Educaci\u00f3n a Distancia en el Nivel Secundario, una propuesta que consolida un sistema educativo optimizado y orientado a garantizar la finalizaci\u00f3n de estudios mediante el uso estrat\u00e9gico de tecnolog\u00edas digitales.<\/p>\n<p>La iniciativa est\u00e1 destinada a personas mayores de dieciocho a\u00f1os que, por razones laborales, familiares, geogr\u00e1ficas o personales, no pueden sostener una cursada presencial regular. En ese marco, <strong>la modalidad se presenta como una alternativa v\u00e1lida y flexible que ampl\u00eda oportunidades y fortalece el derecho a la educaci\u00f3n.<\/strong><\/p>\n<p>El <em>director de la DEPJA<\/em>, <span style=\"color: #003366;\"><strong>\u00c9rico Arias<\/strong><\/span>, explic\u00f3 que la propuesta forma parte de los objetivos de gesti\u00f3n previstos para 2026 y que su redise\u00f1o implic\u00f3 una revisi\u00f3n integral del modelo pedag\u00f3gico<em><strong>. \u201cContamos con la experiencia acumulada durante dos a\u00f1os de implementaci\u00f3n, pero la incorporaci\u00f3n de herramientas de Inteligencia Artificial en el dise\u00f1o instruccional nos llev\u00f3 a realizar una reestructuraci\u00f3n profunda\u201d<\/strong><\/em>, se\u00f1al\u00f3.<\/p>\n<p>Actualmente funcionan ocho centros cabecera que concentran la oferta completa de primero, segundo y tercer a\u00f1o en Educaci\u00f3n a Distancia. Los estudiantes pueden obtener los t\u00edtulos de Bachiller en Agro y Ambiente, y en Econom\u00eda y Administraci\u00f3n.<\/p>\n<p>La modalidad es ciento por ciento virtual, con un noventa y siete por ciento de trabajo asincr\u00f3nico.<strong> Las instancias sincr\u00f3nicas pueden desarrollarse de manera presencial o a trav\u00e9s de la plataforma Google Meet. Adem\u00e1s, la actualizaci\u00f3n de la plataforma digital permiti\u00f3 una navegaci\u00f3n m\u00e1s \u00e1gil y comprensible, con materiales interactivos, videoclases y acompa\u00f1amiento docente en espacios tem\u00e1ticos.<\/strong><\/p>\n<p>La integraci\u00f3n de herramientas de inteligencia artificial busca fortalecer la autonom\u00eda del estudiante, facilitar la resoluci\u00f3n de actividades y promover el desarrollo de competencias digitales. De este modo, se apunta a un modelo m\u00e1s acompa\u00f1ado, flexible y adaptado a las trayectorias educativas diversas de la poblaci\u00f3n destinataria.<\/p>\n<p>Desde su implementaci\u00f3n en 2022 en el Nivel Secundario de la modalidad CENS, esta alternativa ha demostrado ser un dispositivo efectivo para garantizar la continuidad y finalizaci\u00f3n de estudios en j\u00f3venes y personas adultas.<\/p>\n<p>La actualizaci\u00f3n de la plataforma fue desarrollada de manera conjunta por la Direcci\u00f3n de Educaci\u00f3n Permanente de J\u00f3venes y Adultos, el programa EDUTEC (Educaci\u00f3n Digital Universal con Tecnolog\u00edas Conectadas) y el Instituto Provincial de Administraci\u00f3n P\u00fablica (IPAP).<\/p>\n","protected":false},"excerpt":{"rendered":"<p>La Direcci\u00f3n de Educaci\u00f3n Permanente de J\u00f3venes y Adultos implementa una modalidad virtual y flexible que ampl\u00eda el acceso y garantiza &#8230;<\/p>\n","protected":false},"author":7,"featured_media":157708,"comment_status":"open","ping_status":"open","sticky":false,"template":"","format":"standard","meta":{"footnotes":""},"categories":[1],"tags":[],"class_list":["post-157707","post","type-post","status-publish","format-standard","has-post-thumbnail","hentry","category-fmvinas"],"_links":{"self":[{"href":"https:\/\/vinasfm.com\/noticias\/wp-json\/wp\/v2\/posts\/157707","targetHints":{"allow":["GET"]}}],"collection":[{"href":"https:\/\/vinasfm.com\/noticias\/wp-json\/wp\/v2\/posts"}],"about":[{"href":"https:\/\/vinasfm.com\/noticias\/wp-json\/wp\/v2\/types\/post"}],"author":[{"embeddable":true,"href":"https:\/\/vinasfm.com\/noticias\/wp-json\/wp\/v2\/users\/7"}],"replies":[{"embeddable":true,"href":"https:\/\/vinasfm.com\/noticias\/wp-json\/wp\/v2\/comments?post=157707"}],"version-history":[{"count":1,"href":"https:\/\/vinasfm.com\/noticias\/wp-json\/wp\/v2\/posts\/157707\/revisions"}],"predecessor-version":[{"id":157709,"href":"https:\/\/vinasfm.com\/noticias\/wp-json\/wp\/v2\/posts\/157707\/revisions\/157709"}],"wp:featuredmedia":[{"embeddable":true,"href":"https:\/\/vinasfm.com\/noticias\/wp-json\/wp\/v2\/media\/157708"}],"wp:attachment":[{"href":"https:\/\/vinasfm.com\/noticias\/wp-json\/wp\/v2\/media?parent=157707"}],"wp:term":[{"taxonomy":"category","embeddable":true,"href":"https:\/\/vinasfm.com\/noticias\/wp-json\/wp\/v2\/categories?post=157707"},{"taxonomy":"post_tag","embeddable":true,"href":"https:\/\/vinasfm.com\/noticias\/wp-json\/wp\/v2\/tags?post=157707"}],"curies":[{"name":"wp","href":"https:\/\/api.w.org\/{rel}","templated":true}]}}