{"id":157701,"date":"2026-02-13T11:18:39","date_gmt":"2026-02-13T14:18:39","guid":{"rendered":"https:\/\/vinasfm.com\/noticias\/?p=157701"},"modified":"2026-02-16T11:46:19","modified_gmt":"2026-02-16T14:46:19","slug":"asi-sera-la-atencion-del-comercio-los-feriados-de-carnaval","status":"publish","type":"post","link":"https:\/\/vinasfm.com\/noticias\/asi-sera-la-atencion-del-comercio-los-feriados-de-carnaval\/","title":{"rendered":"AS\u00cd SER\u00c1 LA ATENCI\u00d3N DEL COMERCIO LOS FERIADOS DE CARNAVAL"},"content":{"rendered":"<h4><strong>Ante la proximidad de los feriados por Carnaval, la espec\u00edfica de Comercio de la C\u00e1mara de Alvear realiz\u00f3 un relevamiento entre sus asociados para conocer c\u00f3mo ser\u00e1 la atenci\u00f3n al p\u00fablico durante ambas jornadas.<\/strong><\/h4>\n<p>Este a\u00f1o, los feriados nacionales inamovibles de Carnaval quedaron establecidos para el lunes 16 y martes 17 de febrero.<\/p>\n<p>Del relevamiento que realiz\u00f3 la espec\u00edfica de Comercio con los asociados se determin\u00f3 que:<\/p>\n<p>Para el lunes 16, el 90% de los consultados respondi\u00f3 que permanecer\u00e1n cerrado.<\/p>\n<p>En tanto, para el martes 17, el 90% de los comerciantes relevados indic\u00f3 que atender\u00e1n al p\u00fablico en horario normal o medio d\u00eda, seg\u00fan cada rubro.<\/p>\n","protected":false},"excerpt":{"rendered":"<p>Ante la proximidad de los feriados por Carnaval, la espec\u00edfica de Comercio de la C\u00e1mara de Alvear realiz\u00f3 un relevamiento entre &#8230;<\/p>\n","protected":false},"author":7,"featured_media":157702,"comment_status":"open","ping_status":"open","sticky":false,"template":"","format":"standard","meta":{"footnotes":""},"categories":[5,69],"tags":[],"class_list":["post-157701","post","type-post","status-publish","format-standard","has-post-thumbnail","hentry","category-actualidad","category-comercio"],"_links":{"self":[{"href":"https:\/\/vinasfm.com\/noticias\/wp-json\/wp\/v2\/posts\/157701","targetHints":{"allow":["GET"]}}],"collection":[{"href":"https:\/\/vinasfm.com\/noticias\/wp-json\/wp\/v2\/posts"}],"about":[{"href":"https:\/\/vinasfm.com\/noticias\/wp-json\/wp\/v2\/types\/post"}],"author":[{"embeddable":true,"href":"https:\/\/vinasfm.com\/noticias\/wp-json\/wp\/v2\/users\/7"}],"replies":[{"embeddable":true,"href":"https:\/\/vinasfm.com\/noticias\/wp-json\/wp\/v2\/comments?post=157701"}],"version-history":[{"count":1,"href":"https:\/\/vinasfm.com\/noticias\/wp-json\/wp\/v2\/posts\/157701\/revisions"}],"predecessor-version":[{"id":157703,"href":"https:\/\/vinasfm.com\/noticias\/wp-json\/wp\/v2\/posts\/157701\/revisions\/157703"}],"wp:featuredmedia":[{"embeddable":true,"href":"https:\/\/vinasfm.com\/noticias\/wp-json\/wp\/v2\/media\/157702"}],"wp:attachment":[{"href":"https:\/\/vinasfm.com\/noticias\/wp-json\/wp\/v2\/media?parent=157701"}],"wp:term":[{"taxonomy":"category","embeddable":true,"href":"https:\/\/vinasfm.com\/noticias\/wp-json\/wp\/v2\/categories?post=157701"},{"taxonomy":"post_tag","embeddable":true,"href":"https:\/\/vinasfm.com\/noticias\/wp-json\/wp\/v2\/tags?post=157701"}],"curies":[{"name":"wp","href":"https:\/\/api.w.org\/{rel}","templated":true}]}}