{"id":157694,"date":"2026-02-13T10:05:22","date_gmt":"2026-02-13T13:05:22","guid":{"rendered":"https:\/\/vinasfm.com\/noticias\/?p=157694"},"modified":"2026-02-16T11:16:41","modified_gmt":"2026-02-16T14:16:41","slug":"avanza-la-construccion-del-pabellon-de-salud-mental-en-el-hospital-enfermeros-argentinos","status":"publish","type":"post","link":"https:\/\/vinasfm.com\/noticias\/avanza-la-construccion-del-pabellon-de-salud-mental-en-el-hospital-enfermeros-argentinos\/","title":{"rendered":"AVANZA LA CONSTRUCCI\u00d3N DEL PABELL\u00d3N DE SALUD MENTAL EN EL HOSPITAL ENFERMEROS ARGENTINOS"},"content":{"rendered":"<h4><span style=\"color: #003300;\"><strong>La subsecretaria de Infraestructura y Desarrollo Territorial de la Provincia, Marit\u00e9 Badui, recorri\u00f3 junto al intendente Alejandro Molero y al director del Hospital Enfermeros Argentinos, Alejandro Torres, los avances del nuevo pabell\u00f3n de salud mental que se construye en el nosocomio local.<\/strong><\/span><\/h4>\n<p>Durante la visita, el jefe comunal inform\u00f3 que la obra presenta un progreso cercano al 63 por ciento. <em><strong>\u201cEs una materia pendiente dentro del sistema sanitario del departamento. Este edificio permitir\u00e1 abordar la salud mental con profesionales formados, equipamiento adecuado y una infraestructura acorde a la demanda actual\u201d<\/strong><\/em>, se\u00f1al\u00f3.<\/p>\n<p>Molero destac\u00f3 adem\u00e1s el impacto de otras intervenciones en ejecuci\u00f3n en el sur mendocino, en particular las vinculadas a la conectividad vial entre General Alvear y San Rafael.<em><strong> \u201cSon trabajos que mejoran la integraci\u00f3n regional y facilitan la comunicaci\u00f3n con la capital provincial y el corredor bioce\u00e1nico\u201d<\/strong><\/em>, expres\u00f3.<\/p>\n<p><a href=\"https:\/\/vinasfm.com\/noticias\/wp-content\/uploads\/2026\/02\/WhatsApp-Image-2026-02-13-at-09.49.08.jpeg\"><img loading=\"lazy\" decoding=\"async\" class=\"wp-image-157696 aligncenter\" src=\"https:\/\/vinasfm.com\/noticias\/wp-content\/uploads\/2026\/02\/WhatsApp-Image-2026-02-13-at-09.49.08-1024x576.jpeg\" alt=\"\" width=\"535\" height=\"301\" srcset=\"https:\/\/vinasfm.com\/noticias\/wp-content\/uploads\/2026\/02\/WhatsApp-Image-2026-02-13-at-09.49.08-1024x576.jpeg 1024w, https:\/\/vinasfm.com\/noticias\/wp-content\/uploads\/2026\/02\/WhatsApp-Image-2026-02-13-at-09.49.08-300x169.jpeg 300w, https:\/\/vinasfm.com\/noticias\/wp-content\/uploads\/2026\/02\/WhatsApp-Image-2026-02-13-at-09.49.08-768x432.jpeg 768w, https:\/\/vinasfm.com\/noticias\/wp-content\/uploads\/2026\/02\/WhatsApp-Image-2026-02-13-at-09.49.08-1536x864.jpeg 1536w, https:\/\/vinasfm.com\/noticias\/wp-content\/uploads\/2026\/02\/WhatsApp-Image-2026-02-13-at-09.49.08-750x420.jpeg 750w, https:\/\/vinasfm.com\/noticias\/wp-content\/uploads\/2026\/02\/WhatsApp-Image-2026-02-13-at-09.49.08-1140x641.jpeg 1140w, https:\/\/vinasfm.com\/noticias\/wp-content\/uploads\/2026\/02\/WhatsApp-Image-2026-02-13-at-09.49.08.jpeg 1600w\" sizes=\"auto, (max-width: 535px) 100vw, 535px\" \/><\/a><\/p>\n<p>Por su parte, Badui indic\u00f3 que se intervienen 180 kil\u00f3metros de rutas con distintos grados de avance. <em><strong>\u201cHemos comprobado el aumento del flujo vehicular, lo que confirma la necesidad de estas mejoras\u201d<\/strong><\/em>, afirm\u00f3. Sobre el pabell\u00f3n, precis\u00f3 que contar\u00e1 con casi mil metros cuadrados cubiertos destinados a fortalecer la atenci\u00f3n espec\u00edfica en salud mental, una demanda planteada por las autoridades hospitalarias.<\/p>\n<p>La funcionaria agreg\u00f3 que tambi\u00e9n se ejecutan la nueva planta de tratamiento de l\u00edquidos cloacales y la ampliaci\u00f3n de UGACOP, con una inversi\u00f3n cercana a los siete mil millones de pesos. Asimismo, adelant\u00f3 que se realiz\u00f3 el llamado a licitaci\u00f3n para el Jard\u00edn Sonrisas del Atuel, que tendr\u00e1 alrededor de 900 metros cuadrados y seis oferentes.<\/p>\n<p><a href=\"https:\/\/vinasfm.com\/noticias\/wp-content\/uploads\/2026\/02\/WhatsApp-Image-2026-02-13-at-09.49.11.jpeg\"><img loading=\"lazy\" decoding=\"async\" class=\"wp-image-157697 aligncenter\" src=\"https:\/\/vinasfm.com\/noticias\/wp-content\/uploads\/2026\/02\/WhatsApp-Image-2026-02-13-at-09.49.11-1024x576.jpeg\" alt=\"\" width=\"550\" height=\"309\" srcset=\"https:\/\/vinasfm.com\/noticias\/wp-content\/uploads\/2026\/02\/WhatsApp-Image-2026-02-13-at-09.49.11-1024x576.jpeg 1024w, https:\/\/vinasfm.com\/noticias\/wp-content\/uploads\/2026\/02\/WhatsApp-Image-2026-02-13-at-09.49.11-300x169.jpeg 300w, https:\/\/vinasfm.com\/noticias\/wp-content\/uploads\/2026\/02\/WhatsApp-Image-2026-02-13-at-09.49.11-768x432.jpeg 768w, https:\/\/vinasfm.com\/noticias\/wp-content\/uploads\/2026\/02\/WhatsApp-Image-2026-02-13-at-09.49.11-1536x864.jpeg 1536w, https:\/\/vinasfm.com\/noticias\/wp-content\/uploads\/2026\/02\/WhatsApp-Image-2026-02-13-at-09.49.11-750x420.jpeg 750w, https:\/\/vinasfm.com\/noticias\/wp-content\/uploads\/2026\/02\/WhatsApp-Image-2026-02-13-at-09.49.11-1140x641.jpeg 1140w, https:\/\/vinasfm.com\/noticias\/wp-content\/uploads\/2026\/02\/WhatsApp-Image-2026-02-13-at-09.49.11.jpeg 1600w\" sizes=\"auto, (max-width: 550px) 100vw, 550px\" \/><\/a><\/p>\n<p>En tanto, <strong><span style=\"color: #003300;\">Torres<\/span><\/strong> remarc\u00f3 la importancia del nuevo sector para el departamento. <em><strong>\u201cLa demanda posterior a la pandemia ha sido significativa. Esta infraestructura nos permitir\u00e1 contener y tratar una problem\u00e1tica que hoy requiere mayor atenci\u00f3n\u201d<\/strong><\/em>, sostuvo. Tambi\u00e9n confirm\u00f3 que el proyecto contempla la incorporaci\u00f3n y capacitaci\u00f3n de personal espec\u00edfico en articulaci\u00f3n con el \u00e1rea provincial.<\/p>\n<p>Desde el municipio se\u00f1alaron que las obras en marcha apuntan a fortalecer los servicios esenciales y ampliar la cobertura en distintas \u00e1reas, con impacto directo en la calidad de vida de la comunidad.<\/p>\n","protected":false},"excerpt":{"rendered":"<p>La subsecretaria de Infraestructura y Desarrollo Territorial de la Provincia, Marit\u00e9 Badui, recorri\u00f3 junto al intendente Alejandro Molero y al director &#8230;<\/p>\n","protected":false},"author":7,"featured_media":157695,"comment_status":"open","ping_status":"open","sticky":false,"template":"","format":"standard","meta":{"footnotes":""},"categories":[5,15],"tags":[],"class_list":["post-157694","post","type-post","status-publish","format-standard","has-post-thumbnail","hentry","category-actualidad","category-salud"],"_links":{"self":[{"href":"https:\/\/vinasfm.com\/noticias\/wp-json\/wp\/v2\/posts\/157694","targetHints":{"allow":["GET"]}}],"collection":[{"href":"https:\/\/vinasfm.com\/noticias\/wp-json\/wp\/v2\/posts"}],"about":[{"href":"https:\/\/vinasfm.com\/noticias\/wp-json\/wp\/v2\/types\/post"}],"author":[{"embeddable":true,"href":"https:\/\/vinasfm.com\/noticias\/wp-json\/wp\/v2\/users\/7"}],"replies":[{"embeddable":true,"href":"https:\/\/vinasfm.com\/noticias\/wp-json\/wp\/v2\/comments?post=157694"}],"version-history":[{"count":2,"href":"https:\/\/vinasfm.com\/noticias\/wp-json\/wp\/v2\/posts\/157694\/revisions"}],"predecessor-version":[{"id":157727,"href":"https:\/\/vinasfm.com\/noticias\/wp-json\/wp\/v2\/posts\/157694\/revisions\/157727"}],"wp:featuredmedia":[{"embeddable":true,"href":"https:\/\/vinasfm.com\/noticias\/wp-json\/wp\/v2\/media\/157695"}],"wp:attachment":[{"href":"https:\/\/vinasfm.com\/noticias\/wp-json\/wp\/v2\/media?parent=157694"}],"wp:term":[{"taxonomy":"category","embeddable":true,"href":"https:\/\/vinasfm.com\/noticias\/wp-json\/wp\/v2\/categories?post=157694"},{"taxonomy":"post_tag","embeddable":true,"href":"https:\/\/vinasfm.com\/noticias\/wp-json\/wp\/v2\/tags?post=157694"}],"curies":[{"name":"wp","href":"https:\/\/api.w.org\/{rel}","templated":true}]}}