{"id":157681,"date":"2026-02-12T09:57:56","date_gmt":"2026-02-12T12:57:56","guid":{"rendered":"https:\/\/vinasfm.com\/noticias\/?p=157681"},"modified":"2026-02-16T08:34:22","modified_gmt":"2026-02-16T11:34:22","slug":"el-hospital-enfermeros-argentinos-fortalece-su-plantel-medico-y-avanza-con-nuevas-obras-e-inversiones","status":"publish","type":"post","link":"https:\/\/vinasfm.com\/noticias\/el-hospital-enfermeros-argentinos-fortalece-su-plantel-medico-y-avanza-con-nuevas-obras-e-inversiones\/","title":{"rendered":"EL HOSPITAL ENFERMEROS ARGENTINOS FORTALECE SU PLANTEL M\u00c9DICO Y AVANZA CON NUEVAS OBRAS E INVERSIONES"},"content":{"rendered":"<h4><span style=\"color: #003300;\"><strong>En di\u00e1logo con FM VI\u00d1AS, el director del Hospital Enfermeros Argentinos, Alejandro Torres, destac\u00f3 los avances que viene registrando el nosocomio en materia de incorporaci\u00f3n de profesionales, obras de infraestructura y adquisici\u00f3n de equipamiento, en un contexto sanitario complejo y de alta demanda.<\/strong><\/span><\/h4>\n<p>Torres reconoci\u00f3 que conseguir m\u00e9dicos especialistas<em><strong> \u201ces sumamente dif\u00edcil\u201d<\/strong><\/em>, ya que son pocos los profesionales que realizan residencias, teniendo en cuenta que cada especialidad requiere cuatro a\u00f1os de formaci\u00f3n posterior a la carrera de Medicina. No obstante, remarc\u00f3 que durante este a\u00f1o se logr\u00f3 incorporar cardi\u00f3logos y que en marzo se sumar\u00e1n dos psiquiatras y un pediatra. <strong><em>\u201cSiempre nos va a faltar, pero estamos encaminados\u201d<\/em><\/strong>, afirm\u00f3.<\/p>\n<p>Uno de los logros m\u00e1s importantes se\u00f1alados por el director fue el inicio de residencias m\u00e9dicas en el departamento, tanto en cirug\u00eda como en medicina de familia. <strong>Actualmente ya hay dos residentes en el primer a\u00f1o de cirug\u00eda, y dos j\u00f3venes alvearenses que regresaron a su ciudad para formarse en medicina de familia.<\/strong> Para este a\u00f1o, el hospital solicitar\u00e1 dos nuevas plazas en cirug\u00eda, tres en medicina de familia y cinco en enfermedad comunitaria.<\/p>\n<p>En cuanto al servicio de guardia, Torres inform\u00f3 que se renov\u00f3 en un 70% el plantel m\u00e9dico, incorporando profesionales m\u00e1s j\u00f3venes que trabajan junto a m\u00e9dicos con mayor experiencia, debido a la complejidad que presenta la guardia local. <em><strong>\u201cEl 95% o 96% de las consultas son c\u00f3digo verde, pero ese 4% o 5% restante son casos muy complejos, c\u00f3digo rojo o amarillo, que requieren experiencia\u201d<\/strong><\/em>, explic\u00f3.<\/p>\n<p>Adem\u00e1s, destac\u00f3 que contin\u00faan sum\u00e1ndose m\u00e9dicos provenientes de otros departamentos para reforzar la atenci\u00f3n, mejorando as\u00ed la respuesta ante la alta demanda.<\/p>\n<h3>Inversiones y equipamiento con fondos propios<\/h3>\n<p>En materia de infraestructura, el director se\u00f1al\u00f3 que avanzan diversas obras, algunas gestionadas con fondos propios. Entre ellas, mencion\u00f3 la ampliaci\u00f3n del departamento de esterilizaci\u00f3n, la adquisici\u00f3n de un nuevo equipo de rayos X con digitalizador de \u00faltima generaci\u00f3n, un ec\u00f3grafo para terapia intensiva y un reanimador neonatal para el servicio de neonatolog\u00eda.<\/p>\n<p>Todas estas inversiones se realizaron con recursos generados por el hospital a trav\u00e9s del recupero de prestaciones a obras sociales. <strong><em>\u201cHoy el hospital est\u00e1 atendiendo el 90% de la medicina de Alvear\u201d<\/em><\/strong>, subray\u00f3 Torres, explicando que la crisis econ\u00f3mica y la reducci\u00f3n de coberturas por parte de algunas obras sociales han provocado que m\u00e1s pacientes recurran al sistema p\u00fablico.<\/p>\n<p>El hospital cumple adem\u00e1s un rol regional, cubriendo zonas como Punta del Agua, San Isabel y Ca\u00f1ada Seca, lo que incrementa la demanda. <strong>En el laboratorio, por ejemplo, se realizan entre 200 y 230 procesos diarios, priorizando a pacientes sin cobertura social, mientras que quienes cuentan con obra social reciben turnos programados, salvo en casos de urgencia.<\/strong><\/p>\n<h3>Avances en el \u00e1rea de Salud Mental<\/h3>\n<p>Uno de los proyectos m\u00e1s relevantes es la nueva obra del \u00e1rea de Salud Mental, que estar\u00eda finalizada entre mayo y junio. <strong>El edificio no solo contar\u00e1 con pabell\u00f3n de internaci\u00f3n, sino tambi\u00e9n con \u00e1reas administrativas y cocina, funcionando como un centro integral para la atenci\u00f3n en salud mental.<\/strong><\/p>\n<p>Torres se\u00f1al\u00f3 que ya se trabaja en conjunto con el \u00e1rea provincial para definir el recurso humano necesario, y confirm\u00f3 que en marzo comenzar\u00e1n a desempe\u00f1arse dos psiquiatras en el departamento.<\/p>\n<p><em><strong>\u201cVa a ser un antes y un despu\u00e9s para la salud mental de Alvear\u201d<\/strong><\/em>, expres\u00f3 el director, destacando que se trata de una necesidad hist\u00f3rica del departamento.<\/p>\n<p>Finalmente, reconoci\u00f3 el acompa\u00f1amiento del Ministerio de Salud de la provincia y del Gobierno provincial en las inversiones realizadas.<strong><em> \u201cHace m\u00e1s de 30 a\u00f1os que este hospital no recib\u00eda las inversiones que est\u00e1 recibiendo ahora\u201d<\/em><\/strong>, asegur\u00f3.<\/p>\n<p><em><strong>\u201cSiempre va a faltar, porque en salud siempre falta algo, pero estamos abiertos a todas las cr\u00edticas constructivas que nos ayuden a mejorar. Lo primordial es atender al paciente; despu\u00e9s viene todo lo administrativo\u201d<\/strong><\/em>, concluy\u00f3 Torres.<\/p>\n","protected":false},"excerpt":{"rendered":"<p>En di\u00e1logo con FM VI\u00d1AS, el director del Hospital Enfermeros Argentinos, Alejandro Torres, destac\u00f3 los avances que viene registrando el nosocomio &#8230;<\/p>\n","protected":false},"author":7,"featured_media":135432,"comment_status":"open","ping_status":"open","sticky":false,"template":"","format":"standard","meta":{"footnotes":""},"categories":[5,15],"tags":[],"class_list":["post-157681","post","type-post","status-publish","format-standard","has-post-thumbnail","hentry","category-actualidad","category-salud"],"_links":{"self":[{"href":"https:\/\/vinasfm.com\/noticias\/wp-json\/wp\/v2\/posts\/157681","targetHints":{"allow":["GET"]}}],"collection":[{"href":"https:\/\/vinasfm.com\/noticias\/wp-json\/wp\/v2\/posts"}],"about":[{"href":"https:\/\/vinasfm.com\/noticias\/wp-json\/wp\/v2\/types\/post"}],"author":[{"embeddable":true,"href":"https:\/\/vinasfm.com\/noticias\/wp-json\/wp\/v2\/users\/7"}],"replies":[{"embeddable":true,"href":"https:\/\/vinasfm.com\/noticias\/wp-json\/wp\/v2\/comments?post=157681"}],"version-history":[{"count":1,"href":"https:\/\/vinasfm.com\/noticias\/wp-json\/wp\/v2\/posts\/157681\/revisions"}],"predecessor-version":[{"id":157682,"href":"https:\/\/vinasfm.com\/noticias\/wp-json\/wp\/v2\/posts\/157681\/revisions\/157682"}],"wp:featuredmedia":[{"embeddable":true,"href":"https:\/\/vinasfm.com\/noticias\/wp-json\/wp\/v2\/media\/135432"}],"wp:attachment":[{"href":"https:\/\/vinasfm.com\/noticias\/wp-json\/wp\/v2\/media?parent=157681"}],"wp:term":[{"taxonomy":"category","embeddable":true,"href":"https:\/\/vinasfm.com\/noticias\/wp-json\/wp\/v2\/categories?post=157681"},{"taxonomy":"post_tag","embeddable":true,"href":"https:\/\/vinasfm.com\/noticias\/wp-json\/wp\/v2\/tags?post=157681"}],"curies":[{"name":"wp","href":"https:\/\/api.w.org\/{rel}","templated":true}]}}