{"id":157675,"date":"2026-02-12T08:49:06","date_gmt":"2026-02-12T11:49:06","guid":{"rendered":"https:\/\/vinasfm.com\/noticias\/?p=157675"},"modified":"2026-02-13T11:18:35","modified_gmt":"2026-02-13T14:18:35","slug":"la-vendimia-2026-ya-tiene-sus-artistas-confirmados","status":"publish","type":"post","link":"https:\/\/vinasfm.com\/noticias\/la-vendimia-2026-ya-tiene-sus-artistas-confirmados\/","title":{"rendered":"LA VENDIMIA 2026 YA TIENE SUS ARTISTAS CONFIRMADOS"},"content":{"rendered":"<h4 class=\"wp-block-heading\"><span style=\"color: #003300;\"><strong>Ya est\u00e1n definidos cu\u00e1les ser\u00e1n los espect\u00e1culos musicales de \u201c90 cosechas de una misma cepa\u201d.<\/strong><\/span><\/h4>\n<p>Ya qued\u00f3 conformada la grilla art\u00edstica que tendr\u00e1 la Fiesta Nacional de la Vendimia 2026, titulada <em>\u201c90 cosechas de una misma cepa\u201d<\/em> que se presentar\u00e1 el s\u00e1bado 7 de marzo y tendr\u00e1 su segunda noche el domingo 8 en el teatro griego Frank Romero Day.<\/p>\n<p>Las entradas para estos eventos estar\u00e1n a la venta desde este jueves 12, en\u00a0<a href=\"http:\/\/www.entradaweb.com.ar\/\" target=\"_blank\" rel=\"noreferrer noopener\">www.entradaweb.com.ar<\/a>\u00a0a partir de las 13.<\/p>\n<ul>\n<li>El domingo 8 de marzo, Luciano Pereyra cerrar\u00e1 la repetici\u00f3n del Acto Central.<\/li>\n<li>El lunes 9 y el martes 10 se realizar\u00e1n espect\u00e1culos musicales sin repetici\u00f3n del Acto Central.<\/li>\n<li>El lunes 9 estar\u00e1n Chaque\u00f1o Palavecino, La Re Pandilla y Eugenia Quevedo y la Banda de Carlitos.<\/li>\n<li>El martes 10 ser\u00e1 el turno para Abel Pintos, Campedrinos, Maggie Cullen y \u00c1ngela Leiva.<\/li>\n<\/ul>\n<h3><strong>Artistas mendocinos<\/strong><\/h3>\n<p>Tambi\u00e9n se dieron a conocer los artistas de Mendoza que subir\u00e1n al escenario del Teatro Griego Frank Romero Day. <strong>El s\u00e1bado ser\u00e1 el turno Simpecao, V\u00edctor Hugo Cortez y Los Trovadores de Cuyo.<\/strong><\/p>\n<p>En tanto, el domingo ser\u00e1 el turno para <strong>Hermanas Abraham, Sebasti\u00e1n Garay y Batos<\/strong>.<\/p>\n<h2><strong>Venta de entradas para p\u00fablico mendocino<\/strong><\/h2>\n<p>Cabe recordar que el p\u00fablico mendocino podr\u00e1 adquirir sus tickets desde este jueves 12 de febrero, desde las 13.<\/p>\n<p>Los valores del Acto Central ser\u00e1n: <strong>sector Malbec, $42.000; Cabernet Sauvignon, $28.000; Chardonnay $21.000; Tempranillo 2, 3 y 4, $35.000; Tempranillo 1 y 5, $28.000 y para el sector Bonarda $14.000.<\/strong><\/p>\n<p>Los valores para la Repetici\u00f3n ser\u00e1n: <strong>para el sector Malbec, $28.000; Cabernet Sauvignon, $21.000; Chardonnay $14.000; Tempranillo 2, 3 y 4, $28.000; Tempranillo 1 y 5, $21.000, y para el sector Bonarda, $11.000.<\/strong><\/p>\n<p>Para los d\u00edas lunes y martes (valores por d\u00eda): <strong>Sector Malbec, $65.000; Cabernet Sauvignon, $55.000; Chardonnay $35.000; Tempranillo 2, 3 y 4, $55.000; Tempranillo 1 y 5, $45.000, y para el sector Bonarda, $35.000.<\/strong><\/p>\n<p>Abonos para las dos noches: sector Malbec, $120.000; Cabernet Sauvignon, $100.000; Chardonnay $60.000; Tempranillo 2, 3 y 4, $100.000; Tempranillo 1 y 5, $80.000, y para el sector Bonarda, $60.000.<\/p>\n<p><strong>Canje de entradas<\/strong><\/p>\n<p>Es importante destacar que, una vez adquiridas las entradas a trav\u00e9s de la plataforma digital, se deber\u00e1 realizar el canje por la entrada f\u00edsica, a partir del lunes 2 al domingo 8 de marzo en lugares que pronto se dar\u00e1n a conocer.<\/p>\n","protected":false},"excerpt":{"rendered":"<p>Ya est\u00e1n definidos cu\u00e1les ser\u00e1n los espect\u00e1culos musicales de \u201c90 cosechas de una misma cepa\u201d. Ya qued\u00f3 conformada la grilla art\u00edstica &#8230;<\/p>\n","protected":false},"author":7,"featured_media":157676,"comment_status":"open","ping_status":"open","sticky":false,"template":"","format":"standard","meta":{"footnotes":""},"categories":[5,25],"tags":[],"class_list":["post-157675","post","type-post","status-publish","format-standard","has-post-thumbnail","hentry","category-actualidad","category-vendimia"],"_links":{"self":[{"href":"https:\/\/vinasfm.com\/noticias\/wp-json\/wp\/v2\/posts\/157675","targetHints":{"allow":["GET"]}}],"collection":[{"href":"https:\/\/vinasfm.com\/noticias\/wp-json\/wp\/v2\/posts"}],"about":[{"href":"https:\/\/vinasfm.com\/noticias\/wp-json\/wp\/v2\/types\/post"}],"author":[{"embeddable":true,"href":"https:\/\/vinasfm.com\/noticias\/wp-json\/wp\/v2\/users\/7"}],"replies":[{"embeddable":true,"href":"https:\/\/vinasfm.com\/noticias\/wp-json\/wp\/v2\/comments?post=157675"}],"version-history":[{"count":1,"href":"https:\/\/vinasfm.com\/noticias\/wp-json\/wp\/v2\/posts\/157675\/revisions"}],"predecessor-version":[{"id":157677,"href":"https:\/\/vinasfm.com\/noticias\/wp-json\/wp\/v2\/posts\/157675\/revisions\/157677"}],"wp:featuredmedia":[{"embeddable":true,"href":"https:\/\/vinasfm.com\/noticias\/wp-json\/wp\/v2\/media\/157676"}],"wp:attachment":[{"href":"https:\/\/vinasfm.com\/noticias\/wp-json\/wp\/v2\/media?parent=157675"}],"wp:term":[{"taxonomy":"category","embeddable":true,"href":"https:\/\/vinasfm.com\/noticias\/wp-json\/wp\/v2\/categories?post=157675"},{"taxonomy":"post_tag","embeddable":true,"href":"https:\/\/vinasfm.com\/noticias\/wp-json\/wp\/v2\/tags?post=157675"}],"curies":[{"name":"wp","href":"https:\/\/api.w.org\/{rel}","templated":true}]}}