{"id":157669,"date":"2026-02-12T08:19:51","date_gmt":"2026-02-12T11:19:51","guid":{"rendered":"https:\/\/vinasfm.com\/noticias\/?p=157669"},"modified":"2026-02-16T08:35:23","modified_gmt":"2026-02-16T11:35:23","slug":"dge-trabaja-junto-a-la-municipalidad-de-general-alvear-en-la-planificacion-del-ciclo-lectivo","status":"publish","type":"post","link":"https:\/\/vinasfm.com\/noticias\/dge-trabaja-junto-a-la-municipalidad-de-general-alvear-en-la-planificacion-del-ciclo-lectivo\/","title":{"rendered":"DGE TRABAJA JUNTO A LA MUNICIPALIDAD DE GENERAL ALVEAR EN LA PLANIFICACI\u00d3N DEL CICLO LECTIVO"},"content":{"rendered":"<h4 class=\"wp-block-heading\"><span style=\"color: #003300;\"><strong>El intendente Alejandro Molero recibi\u00f3 a las autoridades del Gobierno Escolar para abordar las necesidades y objetivos de las escuelas del departamento.<\/strong><\/span><\/h4>\n<p>La <em>subsecretaria de Educaci\u00f3n de la Provincia<\/em>,<span style=\"color: #003366;\"><strong> Claudia Ferrari<\/strong><\/span>, se reuni\u00f3 con el intendente de General Alvear, <span style=\"color: #003366;\"><strong>Alejandro Molero<\/strong><\/span>, en la sede de ese municipio. En el encuentro participaron tambi\u00e9n la <em>delegada administrativa de la DGE<\/em>, <strong><span style=\"color: #003366;\">Magal\u00ed Oneschuk<\/span><\/strong>, y supervisoras de distintos niveles educativos.<\/p>\n<p>Tras la reuni\u00f3n, Ferrari valor\u00f3 el intercambio institucional y puso en relieve los resultados obtenidos por el departamento tanto en instancias de evaluaci\u00f3n de estudiantes como en concursos para cargos jer\u00e1rquicos.<\/p>\n<p><em><strong>\u201cFue una reuni\u00f3n de trabajo muy fruct\u00edfera, donde hemos podido escuchar las necesidades de la zona, que es el objetivo principal de la reuni\u00f3n, y tambi\u00e9n poder seguir ampliando la informaci\u00f3n y transmitiendo todo lo que tiene que ver con las l\u00edneas que vamos a implementar durante el 2026 en todas las escuelas de la provincia\u201d<\/strong><\/em>, se\u00f1al\u00f3.<\/p>\n<p>Entre los temas abordados, la funcionaria remarc\u00f3 la importancia de la asistencia sostenida desde el Nivel Inicial y Primario. Record\u00f3 que la normativa establece que quienes no alcancen el ochenta por ciento de concurrencia al finalizar el ciclo lectivo deber\u00e1n asistir al per\u00edodo complementario de intensificaci\u00f3n de saberes en diciembre, con el fin de reforzar contenidos y asegurar la adquisici\u00f3n de competencias para el a\u00f1o siguiente.<\/p>\n<p>Asimismo, se analiz\u00f3 la<strong> ampliaci\u00f3n progresiva de la cobertura de salas de tres a\u00f1os<\/strong>, pol\u00edtica que continuar\u00e1 extendi\u00e9ndose hasta alcanzar a todos los departamentos y distritos de la provincia. Tambi\u00e9n <strong>se repas\u00f3 el estado de las obras escolares en ejecuci\u00f3n en General Alvear, que avanzan conforme a los plazos previstos de cara al inicio del ciclo el veinticinco de febrero.<\/strong><\/p>\n<p>En relaci\u00f3n con los indicadores acad\u00e9micos, Ferrari destac\u00f3 el posicionamiento del departamento. <strong><em>\u201cGeneral Alvear realmente es un departamento que, cuando se hace cualquier tipo de evaluaci\u00f3n, se destaca. En el concurso directivo tambi\u00e9n los docentes han tenido una destacad\u00edsima presencia, obteniendo los puntajes m\u00e1s altos en la provincia\u201d<\/em><\/strong>, afirm\u00f3.<\/p>\n<p>En ese sentido, felicit\u00f3 a docentes, equipos de conducci\u00f3n y supervisoras por los resultados alcanzados. <strong><em>\u201cEl resultado es nada m\u00e1s ni nada menos que la evidencia del esfuerzo. Nos enorgullece ver el compromiso, no solamente en los resultados de los estudiantes, sino en la formaci\u00f3n continua de nuestros docentes y directivos\u201d<\/em><\/strong>, concluy\u00f3.<\/p>\n<p>Desde el municipio se valor\u00f3 el trabajo coordinado con la cartera educativa provincial y se ratific\u00f3 el acompa\u00f1amiento a las acciones orientadas a fortalecer los aprendizajes, \u00e1rea en la que General Alvear se ubica entre los mejores registros de Mendoza.<\/p>\n","protected":false},"excerpt":{"rendered":"<p>El intendente Alejandro Molero recibi\u00f3 a las autoridades del Gobierno Escolar para abordar las necesidades y objetivos de las escuelas del &#8230;<\/p>\n","protected":false},"author":7,"featured_media":157670,"comment_status":"open","ping_status":"open","sticky":false,"template":"","format":"standard","meta":{"footnotes":""},"categories":[5,18],"tags":[],"class_list":["post-157669","post","type-post","status-publish","format-standard","has-post-thumbnail","hentry","category-actualidad","category-educacion"],"_links":{"self":[{"href":"https:\/\/vinasfm.com\/noticias\/wp-json\/wp\/v2\/posts\/157669","targetHints":{"allow":["GET"]}}],"collection":[{"href":"https:\/\/vinasfm.com\/noticias\/wp-json\/wp\/v2\/posts"}],"about":[{"href":"https:\/\/vinasfm.com\/noticias\/wp-json\/wp\/v2\/types\/post"}],"author":[{"embeddable":true,"href":"https:\/\/vinasfm.com\/noticias\/wp-json\/wp\/v2\/users\/7"}],"replies":[{"embeddable":true,"href":"https:\/\/vinasfm.com\/noticias\/wp-json\/wp\/v2\/comments?post=157669"}],"version-history":[{"count":2,"href":"https:\/\/vinasfm.com\/noticias\/wp-json\/wp\/v2\/posts\/157669\/revisions"}],"predecessor-version":[{"id":157721,"href":"https:\/\/vinasfm.com\/noticias\/wp-json\/wp\/v2\/posts\/157669\/revisions\/157721"}],"wp:featuredmedia":[{"embeddable":true,"href":"https:\/\/vinasfm.com\/noticias\/wp-json\/wp\/v2\/media\/157670"}],"wp:attachment":[{"href":"https:\/\/vinasfm.com\/noticias\/wp-json\/wp\/v2\/media?parent=157669"}],"wp:term":[{"taxonomy":"category","embeddable":true,"href":"https:\/\/vinasfm.com\/noticias\/wp-json\/wp\/v2\/categories?post=157669"},{"taxonomy":"post_tag","embeddable":true,"href":"https:\/\/vinasfm.com\/noticias\/wp-json\/wp\/v2\/tags?post=157669"}],"curies":[{"name":"wp","href":"https:\/\/api.w.org\/{rel}","templated":true}]}}